{"id":24393,"date":"2022-12-21T20:36:34","date_gmt":"2022-12-21T18:36:34","guid":{"rendered":"https:\/\/bisbalpenedes.com\/web\/?p=24393"},"modified":"2022-12-21T21:16:03","modified_gmt":"2022-12-21T19:16:03","slug":"lalcaldessa-agnes-ferre-pren-possessio-del-carrec-de-diputada-de-la-diputacio-de-tarragona-i-renuncia-al-sou-de-lajuntament-de-la-bisbal-del-penedes","status":"publish","type":"post","link":"https:\/\/bisbalpenedes.com\/web\/2022\/12\/21\/lalcaldessa-agnes-ferre-pren-possessio-del-carrec-de-diputada-de-la-diputacio-de-tarragona-i-renuncia-al-sou-de-lajuntament-de-la-bisbal-del-penedes\/","title":{"rendered":"L\u2019alcaldessa Agn\u00e8s Ferr\u00e9 pren possessi\u00f3 del c\u00e0rrec de diputada de la Diputaci\u00f3 de Tarragona &#8211; \u00c9s la primera dona bisbalenca  que ocupa aquest c\u00e0rrec"},"content":{"rendered":"\n<p>L\u2019alcaldessa de la Bisbal del Pened\u00e8s, Agn\u00e8s Ferr\u00e9, va prendre possessi\u00f3 del c\u00e0rrec de diputada de la Diputaci\u00f3 de Tarragona el passat divendres 16 de desembre. Ferr\u00e9 substitueix l\u2019Il\u00b7lm. Sr. Quim Nin, alcalde d\u2019Albinyana i director d\u2019Universitats de la Generalitat de Catalunya.<\/p>\n\n\n\n<p>L\u2019alcaldessa bisbalenca t\u00e9 encarregades les seg\u00fcents responsabilitats:<\/p>\n\n\n\n<ul><li>Diputada delegada de Patrimoni<\/li><li>Presidenta del grup pol\u00edtic de Junts<\/li><li>Membre de la Comissi\u00f3 Especial de Comptes<\/li><li>Membre de les comissions informatives dels Serveis d\u2019Assist\u00e8ncia al Ciutad\u00e0, d\u2019Hisenda i Economia i del Servei d\u2019Assist\u00e8ncia Municipal.<\/li><\/ul>\n\n\n\n<p>Per a m\u00e9s informaci\u00f3, podeu consultar el web de la Diputaci\u00f3: <a href=\"https:\/\/www.dipta.cat\/diputacio\/corporacio-govern\/ple-diputacio\/agnes-ferre-canellas\">https:\/\/www.dipta.cat\/diputacio\/corporacio-govern\/ple-diputacio\/agnes-ferre-canellas<\/a><\/p>\n\n\n\n<figure class=\"wp-block-image size-large\"><img loading=\"lazy\" width=\"1024\" height=\"768\" src=\"https:\/\/bisbalpenedes.com\/web\/wp-content\/uploads\/2022\/12\/22-ANGES-FERRE-16122022.JPG-1024x768.png\" alt=\"\" class=\"wp-image-24395\" srcset=\"https:\/\/bisbalpenedes.com\/web\/wp-content\/uploads\/2022\/12\/22-ANGES-FERRE-16122022.JPG-1024x768.png 1024w, https:\/\/bisbalpenedes.com\/web\/wp-content\/uploads\/2022\/12\/22-ANGES-FERRE-16122022.JPG-300x225.png 300w, https:\/\/bisbalpenedes.com\/web\/wp-content\/uploads\/2022\/12\/22-ANGES-FERRE-16122022.JPG-768x576.png 768w, https:\/\/bisbalpenedes.com\/web\/wp-content\/uploads\/2022\/12\/22-ANGES-FERRE-16122022.JPG-1536x1152.png 1536w, https:\/\/bisbalpenedes.com\/web\/wp-content\/uploads\/2022\/12\/22-ANGES-FERRE-16122022.JPG-600x450.png 600w, https:\/\/bisbalpenedes.com\/web\/wp-content\/uploads\/2022\/12\/22-ANGES-FERRE-16122022.JPG.png 2000w\" sizes=\"(max-width: 1024px) 100vw, 1024px\" \/><\/figure>\n\n\n\n<p><strong>L\u2019alcaldessa renuncia al sou de l\u2019Ajuntament de la Bisbal del Pened\u00e8s<\/strong><\/p>\n\n\n\n<p>A comen\u00e7aments de la legislatura es van aprovar les retribucions dels regidors i regidores del consistori. L\u2019alcaldessa tenia aprovada una retribuci\u00f3 de dedicaci\u00f3 exclusiva de 26.000\u20ac bruts anuals. Tenint en compte que els diputats i diputades del govern reben una retribuci\u00f3 de la Diputaci\u00f3 en dedicaci\u00f3 parcial o exclusiva, l\u2019alcaldessa ha escollit la retribuci\u00f3 en dedicaci\u00f3 parcial i, per aquest motiu, va renunciar a la retribuci\u00f3 de dedicaci\u00f3 exclusiva de l\u2019Ajuntament de la Bisbal del Pened\u00e8s des del 16 de desembre. A partir d&#8217;aquesta data, nom\u00e9s cobrar\u00e0 les assist\u00e8ncies a \u00f2rgans col\u00b7legiats de l&#8217;Ajuntament.<\/p>\n\n\n\n<p>Aquesta ren\u00fancia al sou de l\u2019alcaldessa va ser aprovada en el Ple ordinari del 19 de desembre de 2022 amb els vots a favor de Comprom\u00eds amb la Bisbal (6), PSC (2) i Units per la Bisbal \u2013 FIC (1) i l\u2019abstenci\u00f3 d\u2019Ara la Bisbal (1). Val a dir que la regidora d\u2019ERC-AM va excusar la seva assist\u00e8ncia al Ple i, per tant, no va votar.<\/p>\n\n\n\n<p><strong>Agn\u00e8s Ferr\u00e9 \u00e9s la primera dona bisbalenca diputada<\/strong><\/p>\n\n\n\n<figure class=\"wp-block-image size-large\"><img loading=\"lazy\" width=\"768\" height=\"1024\" src=\"https:\/\/bisbalpenedes.com\/web\/wp-content\/uploads\/2022\/12\/04-ANGES-FERRE-16122022_orla.jpg-768x1024.png\" alt=\"\" class=\"wp-image-24396\" srcset=\"https:\/\/bisbalpenedes.com\/web\/wp-content\/uploads\/2022\/12\/04-ANGES-FERRE-16122022_orla.jpg-768x1024.png 768w, https:\/\/bisbalpenedes.com\/web\/wp-content\/uploads\/2022\/12\/04-ANGES-FERRE-16122022_orla.jpg-225x300.png 225w, https:\/\/bisbalpenedes.com\/web\/wp-content\/uploads\/2022\/12\/04-ANGES-FERRE-16122022_orla.jpg-1152x1536.png 1152w, https:\/\/bisbalpenedes.com\/web\/wp-content\/uploads\/2022\/12\/04-ANGES-FERRE-16122022_orla.jpg-600x800.png 600w, https:\/\/bisbalpenedes.com\/web\/wp-content\/uploads\/2022\/12\/04-ANGES-FERRE-16122022_orla.jpg.png 1500w\" sizes=\"(max-width: 768px) 100vw, 768px\" \/><\/figure>\n\n\n\n<p>La Bisbal del Pened\u00e8s ha tingut dos alcaldes que han estat diputats a la Diputaci\u00f3 de Tarragona.<\/p>\n\n\n\n<p>El primer, va ser Pere Palau Carbonell, qui va prendre possessi\u00f3 del c\u00e0rrec el 1883. El segon va ser Joan Sol\u00e9 Caralt, que va ser diputat entre 1943 i 1958.<\/p>\n\n\n\n<p>En el cas de l\u2019actual alcaldessa del municipi, Agn\u00e8s Ferr\u00e9, ha pres possessi\u00f3 del c\u00e0rrec el 16 de desembre de 2022 i ser\u00e0 diputada fins a finals d\u2019aquest mandat, a l\u2019estiu de 2023.<\/p>\n\n\n\n<figure class=\"wp-block-image size-large\"><img loading=\"lazy\" width=\"1024\" height=\"698\" src=\"https:\/\/bisbalpenedes.com\/web\/wp-content\/uploads\/2022\/12\/46-ANGES-FERRE-16122022.JPG-1024x698.png\" alt=\"\" class=\"wp-image-24397\" srcset=\"https:\/\/bisbalpenedes.com\/web\/wp-content\/uploads\/2022\/12\/46-ANGES-FERRE-16122022.JPG-1024x698.png 1024w, https:\/\/bisbalpenedes.com\/web\/wp-content\/uploads\/2022\/12\/46-ANGES-FERRE-16122022.JPG-300x205.png 300w, https:\/\/bisbalpenedes.com\/web\/wp-content\/uploads\/2022\/12\/46-ANGES-FERRE-16122022.JPG-768x524.png 768w, https:\/\/bisbalpenedes.com\/web\/wp-content\/uploads\/2022\/12\/46-ANGES-FERRE-16122022.JPG-1536x1047.png 1536w, https:\/\/bisbalpenedes.com\/web\/wp-content\/uploads\/2022\/12\/46-ANGES-FERRE-16122022.JPG-2048x1396.png 2048w, https:\/\/bisbalpenedes.com\/web\/wp-content\/uploads\/2022\/12\/46-ANGES-FERRE-16122022.JPG-600x409.png 600w\" sizes=\"(max-width: 1024px) 100vw, 1024px\" \/><\/figure>\n\n\n\n<p><strong>Petita hist\u00f2ria i funcions de la Diputaci\u00f3 de Tarragona<\/strong><\/p>\n\n\n\n<p>La Diputaci\u00f3 de Tarragona es va constituir per primera vegada l\u2019any 1822, com a Diputaci\u00f3 Provincial. Jacobo Gil de Avalle en va ser el primer president.<\/p>\n\n\n\n<p>La Diputaci\u00f3 treballa, principalment, per contribuir a la millora de la qualitat de vida de les persones, dels municipis i de les comarques del Camp de Tarragona, les Terres de l\u2019Ebre i el Baix Pened\u00e8s.<\/p>\n\n\n\n<p>El paper de les diputacions rau en la import\u00e0ncia de prestar serveis als ajuntaments de municipis petits que, per la seva idiosincr\u00e0sia, disposen d\u2019escassos recursos materials i humans, facilitant-los cobertura t\u00e8cnica i jur\u00eddica. Tamb\u00e9 s\u2019atorguen fons estatals per a infraestructures, cultura i educaci\u00f3.<\/p>\n\n\n\n<p><\/p>\n\n\n\n<pre class=\"wp-block-preformatted\"><em>*Fotos: Diputaci\u00f3 de Tarragona<\/em><\/pre>\n\n\n\n<hr class=\"wp-block-separator has-alpha-channel-opacity\"\/>\n\n\n\n<p><strong>CASTELLANO |<\/strong> La alcaldesa de la Bisbal del Pened\u00e8s, Agn\u00e8s Ferr\u00e9, tom\u00f3 posesi\u00f3n del cargo de diputada de la Diputaci\u00f3n de Tarragona el pasado viernes 16 de diciembre. Ferr\u00e9 sustituye al Ilmo. Sr. Quim Nin, alcalde de Albinyana y director de Universidades de la Generalitat de Catalunya.<\/p>\n\n\n\n<p>La alcaldesa bisbalenca tiene encargadas las siguientes responsabilidades:<\/p>\n\n\n\n<ul><li>Diputada delegada de Patrimonio<\/li><li>Presidenta del grupo pol\u00edtico de Junts<\/li><li>Miembro de la Comisi\u00f3n Especial de Cuentas<\/li><li>Miembro de las comisiones informativas de los Servicios de Asistencia al Ciudadano, de Hacienda y Econom\u00eda y del Servicio de Asistencia Municipal.<\/li><\/ul>\n\n\n\n<p>Para m\u00e1s informaci\u00f3n, pod\u00e9is consultar la web de la Diputaci\u00f3n: <a href=\"https:\/\/www.dipta.cat\/diputacio\/corporacio-govern\/ple-diputacio\/agnes-ferre-canellas\">https:\/\/www.dipta.cat\/diputacio\/corporacio-govern\/ple-diputacio\/agnes-ferre-canellas<\/a><\/p>\n\n\n\n<p><strong>La alcaldesa renuncia al sueldo del Ayuntamiento de la Bisbal del Pened\u00e8s<\/strong><\/p>\n\n\n\n<p>A principios de la legislatura se aprobaron las retribuciones de los concejales y concejalas del consistorio. La alcaldesa ten\u00eda aprobada una retribuci\u00f3n de dedicaci\u00f3n exclusiva de 26.000\u20ac brutos anuales. Teniendo en cuenta que los diputados y diputadas del gobierno reciben una retribuci\u00f3n de la Diputaci\u00f3n en dedicaci\u00f3n parcial o exclusiva, la alcaldesa ha elegido la retribuci\u00f3n en dedicaci\u00f3n parcial y, por este motivo, renunci\u00f3 a la retribuci\u00f3n de dedicaci\u00f3n exclusiva del Ayuntamiento de la Bisbal del Pened\u00e8s desde el 16 de diciembre. A partir de esta fecha, \u00fanicamente cobrar\u00e1 las asistencias a \u00f3rganos colegiados del Ayuntamiento.<\/p>\n\n\n\n<p>Esta renuncia al sueldo de la alcaldesa fue aprobada en el Pleno ordinario del 19 de diciembre de 2022 con los votos a favor de Comprom\u00eds amb la Bisbal (6), PSC (2) y Units per la Bisbal-FIC (1) y la abstenci\u00f3n de Ara la Bisbal (1). Cabe decir que la concejala de ERC-AM excus\u00f3 su asistencia a Pleno y, por tanto, no vot\u00f3.<\/p>\n\n\n\n<p><strong>Agn\u00e8s Ferr\u00e9 es la primera dona bisbalenca diputada<\/strong><\/p>\n\n\n\n<p>La Bisbal del Pened\u00e8s ha tenido dos alcaldes que han sido diputados en la Diputaci\u00f3n de Tarragona.<\/p>\n\n\n\n<p>El primero, fue Pere Palau Carbonell, que tom\u00f3 posesi\u00f3n del cargo en 1883. El segundo fue Joan Sol\u00e9 Caralt, que fue diputado entre 1943 y 1958.<\/p>\n\n\n\n<p>En el caso de la actual alcaldesa del municipio, Agn\u00e8s Ferr\u00e9, ha tomado posesi\u00f3n del cargo el 16 de diciembre de 2022 y ser\u00e1 diputada hasta finales de este mandato, en verano de 2023.<\/p>\n\n\n\n<p><strong>Peque\u00f1a historia y funciones de la Diputaci\u00f3n de Tarragona<\/strong><\/p>\n\n\n\n<p>La Diputaci\u00f3n de Tarragona se constituy\u00f3 por primera vez en el a\u00f1o 1822, como Diputaci\u00f3n Provincial. Jacobo Gil de Avalle fue el primer presidente.<\/p>\n\n\n\n<p>La Diputaci\u00f3n trabaja, principalmente, por contribuir a la mejora de la calidad de vida de las personas, de los municipios y de las comarcas del Camp de Tarragona, las Terres de l\u2019Ebre y el Baix Pened\u00e8s.<\/p>\n\n\n\n<p>El papel de las diputaciones recae en la importancia de prestar servicios a los ayuntamientos de municipios peque\u00f1os que, por su idiosincrasia, disponen de escasos recursos materiales y humanos, facilit\u00e1ndoles cobertura t\u00e9cnica y jur\u00eddica. Tambi\u00e9n se otorgan fondos estatales para infraestructuras, cultura y educaci\u00f3n.<\/p>\n","protected":false},"excerpt":{"rendered":"<p>L\u2019alcaldessa de la Bisbal del Pened\u00e8s, Agn\u00e8s Ferr\u00e9, va prendre possessi\u00f3 del c\u00e0rrec de diputada de la Diputaci\u00f3 de Tarragona el passat divendres 16 de desembre. Ferr\u00e9 substitueix l\u2019Il\u00b7lm. Sr. &hellip; <a href=\"https:\/\/bisbalpenedes.com\/web\/2022\/12\/21\/lalcaldessa-agnes-ferre-pren-possessio-del-carrec-de-diputada-de-la-diputacio-de-tarragona-i-renuncia-al-sou-de-lajuntament-de-la-bisbal-del-penedes\/\" class=\"more-link\">Read More<\/a><\/p>\n","protected":false},"author":4,"featured_media":24394,"comment_status":"closed","ping_status":"closed","sticky":false,"template":"","format":"standard","meta":[],"categories":[2057,8],"tags":[1151,5688,459,5686,5687,393,249],"_links":{"self":[{"href":"https:\/\/bisbalpenedes.com\/web\/wp-json\/wp\/v2\/posts\/24393"}],"collection":[{"href":"https:\/\/bisbalpenedes.com\/web\/wp-json\/wp\/v2\/posts"}],"about":[{"href":"https:\/\/bisbalpenedes.com\/web\/wp-json\/wp\/v2\/types\/post"}],"author":[{"embeddable":true,"href":"https:\/\/bisbalpenedes.com\/web\/wp-json\/wp\/v2\/users\/4"}],"replies":[{"embeddable":true,"href":"https:\/\/bisbalpenedes.com\/web\/wp-json\/wp\/v2\/comments?post=24393"}],"version-history":[{"count":8,"href":"https:\/\/bisbalpenedes.com\/web\/wp-json\/wp\/v2\/posts\/24393\/revisions"}],"predecessor-version":[{"id":24407,"href":"https:\/\/bisbalpenedes.com\/web\/wp-json\/wp\/v2\/posts\/24393\/revisions\/24407"}],"wp:featuredmedia":[{"embeddable":true,"href":"https:\/\/bisbalpenedes.com\/web\/wp-json\/wp\/v2\/media\/24394"}],"wp:attachment":[{"href":"https:\/\/bisbalpenedes.com\/web\/wp-json\/wp\/v2\/media?parent=24393"}],"wp:term":[{"taxonomy":"category","embeddable":true,"href":"https:\/\/bisbalpenedes.com\/web\/wp-json\/wp\/v2\/categories?post=24393"},{"taxonomy":"post_tag","embeddable":true,"href":"https:\/\/bisbalpenedes.com\/web\/wp-json\/wp\/v2\/tags?post=24393"}],"curies":[{"name":"wp","href":"https:\/\/api.w.org\/{rel}","templated":true}]}}