{"id":24390,"date":"2022-12-21T07:16:15","date_gmt":"2022-12-21T05:16:15","guid":{"rendered":"https:\/\/bisbalpenedes.com\/web\/?p=24390"},"modified":"2022-12-22T09:46:09","modified_gmt":"2022-12-22T07:46:09","slug":"agenda-dactivitats-de-les-festes-de-nadal","status":"publish","type":"post","link":"https:\/\/bisbalpenedes.com\/web\/2022\/12\/21\/agenda-dactivitats-de-les-festes-de-nadal\/","title":{"rendered":"Agenda d&#8217;activitats de les festes de Nadal"},"content":{"rendered":"\n<p>Aquestes s\u00f3n les activitats previstes durant les festes de Nadal a la Bisbal del Pened\u00e8s.<\/p>\n\n\n\n<hr class=\"wp-block-separator has-alpha-channel-opacity\"\/>\n\n\n\n<p>Estas son las actividades previstas durante las fiestas de Navidad en la Bisbal del Pened\u00e8s.<\/p>\n\n\n\n<figure class=\"wp-block-image size-large\"><img loading=\"lazy\" width=\"724\" height=\"1024\" src=\"https:\/\/bisbalpenedes.com\/web\/wp-content\/uploads\/2022\/12\/A-les-17h-contacontes-LaReSol-PRESENTA-CONTES-AMB-MA\u0300GIA...-La-ma\u0300gia-dels-contes-724x1024.png\" alt=\"\" class=\"wp-image-24414\" srcset=\"https:\/\/bisbalpenedes.com\/web\/wp-content\/uploads\/2022\/12\/A-les-17h-contacontes-LaReSol-PRESENTA-CONTES-AMB-MA\u0300GIA...-La-ma\u0300gia-dels-contes-724x1024.png 724w, https:\/\/bisbalpenedes.com\/web\/wp-content\/uploads\/2022\/12\/A-les-17h-contacontes-LaReSol-PRESENTA-CONTES-AMB-MA\u0300GIA...-La-ma\u0300gia-dels-contes-212x300.png 212w, https:\/\/bisbalpenedes.com\/web\/wp-content\/uploads\/2022\/12\/A-les-17h-contacontes-LaReSol-PRESENTA-CONTES-AMB-MA\u0300GIA...-La-ma\u0300gia-dels-contes-768x1086.png 768w, https:\/\/bisbalpenedes.com\/web\/wp-content\/uploads\/2022\/12\/A-les-17h-contacontes-LaReSol-PRESENTA-CONTES-AMB-MA\u0300GIA...-La-ma\u0300gia-dels-contes-1086x1536.png 1086w, https:\/\/bisbalpenedes.com\/web\/wp-content\/uploads\/2022\/12\/A-les-17h-contacontes-LaReSol-PRESENTA-CONTES-AMB-MA\u0300GIA...-La-ma\u0300gia-dels-contes-600x849.png 600w, https:\/\/bisbalpenedes.com\/web\/wp-content\/uploads\/2022\/12\/A-les-17h-contacontes-LaReSol-PRESENTA-CONTES-AMB-MA\u0300GIA...-La-ma\u0300gia-dels-contes.png 1414w\" sizes=\"(max-width: 724px) 100vw, 724px\" \/><\/figure>\n\n\n\n<figure class=\"wp-block-image size-large\"><img loading=\"lazy\" width=\"724\" height=\"1024\" src=\"https:\/\/bisbalpenedes.com\/web\/wp-content\/uploads\/2022\/12\/home-nassos-2022-cartell-724x1024.png\" alt=\"\" class=\"wp-image-24415\" srcset=\"https:\/\/bisbalpenedes.com\/web\/wp-content\/uploads\/2022\/12\/home-nassos-2022-cartell-724x1024.png 724w, https:\/\/bisbalpenedes.com\/web\/wp-content\/uploads\/2022\/12\/home-nassos-2022-cartell-212x300.png 212w, https:\/\/bisbalpenedes.com\/web\/wp-content\/uploads\/2022\/12\/home-nassos-2022-cartell-768x1086.png 768w, https:\/\/bisbalpenedes.com\/web\/wp-content\/uploads\/2022\/12\/home-nassos-2022-cartell-1086x1536.png 1086w, https:\/\/bisbalpenedes.com\/web\/wp-content\/uploads\/2022\/12\/home-nassos-2022-cartell-600x849.png 600w, https:\/\/bisbalpenedes.com\/web\/wp-content\/uploads\/2022\/12\/home-nassos-2022-cartell.png 1414w\" sizes=\"(max-width: 724px) 100vw, 724px\" \/><\/figure>\n\n\n\n<figure class=\"wp-block-image size-large\"><img loading=\"lazy\" width=\"697\" height=\"1024\" src=\"https:\/\/bisbalpenedes.com\/web\/wp-content\/uploads\/2022\/12\/casal-NADAL_22_23DEF-2-697x1024.jpg\" alt=\"\" class=\"wp-image-24413\" srcset=\"https:\/\/bisbalpenedes.com\/web\/wp-content\/uploads\/2022\/12\/casal-NADAL_22_23DEF-2-697x1024.jpg 697w, https:\/\/bisbalpenedes.com\/web\/wp-content\/uploads\/2022\/12\/casal-NADAL_22_23DEF-2-204x300.jpg 204w, https:\/\/bisbalpenedes.com\/web\/wp-content\/uploads\/2022\/12\/casal-NADAL_22_23DEF-2-768x1128.jpg 768w, https:\/\/bisbalpenedes.com\/web\/wp-content\/uploads\/2022\/12\/casal-NADAL_22_23DEF-2-1046x1536.jpg 1046w, https:\/\/bisbalpenedes.com\/web\/wp-content\/uploads\/2022\/12\/casal-NADAL_22_23DEF-2-1395x2048.jpg 1395w, https:\/\/bisbalpenedes.com\/web\/wp-content\/uploads\/2022\/12\/casal-NADAL_22_23DEF-2-600x881.jpg 600w, https:\/\/bisbalpenedes.com\/web\/wp-content\/uploads\/2022\/12\/casal-NADAL_22_23DEF-2-scaled.jpg 1743w\" sizes=\"(max-width: 697px) 100vw, 697px\" \/><\/figure>\n\n\n\n<figure class=\"wp-block-image size-large\"><img loading=\"lazy\" width=\"724\" height=\"1024\" src=\"https:\/\/bisbalpenedes.com\/web\/wp-content\/uploads\/2022\/12\/CARTELL-JUGUEM-28-DESEMBRE-DEF-724x1024.png\" alt=\"\" class=\"wp-image-24235\" srcset=\"https:\/\/bisbalpenedes.com\/web\/wp-content\/uploads\/2022\/12\/CARTELL-JUGUEM-28-DESEMBRE-DEF-724x1024.png 724w, https:\/\/bisbalpenedes.com\/web\/wp-content\/uploads\/2022\/12\/CARTELL-JUGUEM-28-DESEMBRE-DEF-212x300.png 212w, https:\/\/bisbalpenedes.com\/web\/wp-content\/uploads\/2022\/12\/CARTELL-JUGUEM-28-DESEMBRE-DEF-768x1086.png 768w, https:\/\/bisbalpenedes.com\/web\/wp-content\/uploads\/2022\/12\/CARTELL-JUGUEM-28-DESEMBRE-DEF-1086x1536.png 1086w, https:\/\/bisbalpenedes.com\/web\/wp-content\/uploads\/2022\/12\/CARTELL-JUGUEM-28-DESEMBRE-DEF-1448x2048.png 1448w, https:\/\/bisbalpenedes.com\/web\/wp-content\/uploads\/2022\/12\/CARTELL-JUGUEM-28-DESEMBRE-DEF-600x849.png 600w\" sizes=\"(max-width: 724px) 100vw, 724px\" \/><\/figure>\n","protected":false},"excerpt":{"rendered":"<p>Aquestes s\u00f3n les activitats previstes durant les festes de Nadal a la Bisbal del Pened\u00e8s. Estas son las actividades previstas durante las fiestas de Navidad en la Bisbal del Pened\u00e8s.<\/p>\n","protected":false},"author":4,"featured_media":24383,"comment_status":"closed","ping_status":"closed","sticky":false,"template":"","format":"standard","meta":[],"categories":[2942,13,8],"tags":[459,5643,393,95,1374],"_links":{"self":[{"href":"https:\/\/bisbalpenedes.com\/web\/wp-json\/wp\/v2\/posts\/24390"}],"collection":[{"href":"https:\/\/bisbalpenedes.com\/web\/wp-json\/wp\/v2\/posts"}],"about":[{"href":"https:\/\/bisbalpenedes.com\/web\/wp-json\/wp\/v2\/types\/post"}],"author":[{"embeddable":true,"href":"https:\/\/bisbalpenedes.com\/web\/wp-json\/wp\/v2\/users\/4"}],"replies":[{"embeddable":true,"href":"https:\/\/bisbalpenedes.com\/web\/wp-json\/wp\/v2\/comments?post=24390"}],"version-history":[{"count":3,"href":"https:\/\/bisbalpenedes.com\/web\/wp-json\/wp\/v2\/posts\/24390\/revisions"}],"predecessor-version":[{"id":24417,"href":"https:\/\/bisbalpenedes.com\/web\/wp-json\/wp\/v2\/posts\/24390\/revisions\/24417"}],"wp:featuredmedia":[{"embeddable":true,"href":"https:\/\/bisbalpenedes.com\/web\/wp-json\/wp\/v2\/media\/24383"}],"wp:attachment":[{"href":"https:\/\/bisbalpenedes.com\/web\/wp-json\/wp\/v2\/media?parent=24390"}],"wp:term":[{"taxonomy":"category","embeddable":true,"href":"https:\/\/bisbalpenedes.com\/web\/wp-json\/wp\/v2\/categories?post=24390"},{"taxonomy":"post_tag","embeddable":true,"href":"https:\/\/bisbalpenedes.com\/web\/wp-json\/wp\/v2\/tags?post=24390"}],"curies":[{"name":"wp","href":"https:\/\/api.w.org\/{rel}","templated":true}]}}