{"id":24364,"date":"2022-12-14T16:41:05","date_gmt":"2022-12-14T14:41:05","guid":{"rendered":"https:\/\/bisbalpenedes.com\/web\/?p=24364"},"modified":"2022-12-14T16:41:05","modified_gmt":"2022-12-14T14:41:05","slug":"la-bisbalenca-teresa-ma-turdiu-armenteros-ha-pres-possessio-del-carrec-de-jutgessa-de-pau","status":"publish","type":"post","link":"https:\/\/bisbalpenedes.com\/web\/2022\/12\/14\/la-bisbalenca-teresa-ma-turdiu-armenteros-ha-pres-possessio-del-carrec-de-jutgessa-de-pau\/","title":{"rendered":"La bisbalenca Teresa Ma. Turdiu Armenteros ha pres possessi\u00f3 del c\u00e0rrec de jutgessa de pau"},"content":{"rendered":"\n<p>Aquest dimarts 13 de desembre de 2022, la bisbalenca Teresa Ma. Turdiu Armenteros ha pres possessi\u00f3 del c\u00e0rrec de jutgessa de pau a la Bisbal del Pened\u00e8s, esdevenint la primera dona bisbalenca en ocupar aquest c\u00e0rrec.<\/p>\n\n\n\n<p>El Ple ordinari del mes de setembre va aprovar, per unanimitat, escollir la sra. Teresa Ma. Turdiu Armenteros com a jutgessa de pau al municipi. Una vegada s&#8217;ha rebut el nomenament des de la sala de Govern del Tribunal Superior de Just\u00edcia de Catalunya, Turdiu ha pres possessi\u00f3 del c\u00e0rrec.<\/p>\n\n\n\n<p>Una vegada efectuada la presa de possessi\u00f3, Turdiu s&#8217;ha reunit amb l&#8217;alcaldessa de la Bisbal del Pened\u00e8s, Agn\u00e8s Ferr\u00e9, qui li ha desitjat molts encerts. L&#8217;alcaldessa de la Bisbal del Pened\u00e8s, a m\u00e9s, vol agrair la tasca que ha exercit el jutge de pau substitut, el sr. Jaume Palau Saperas, durant aquests mesos i la que continuar\u00e0 fent, ja que continua sent el jutge de pau substitut.<\/p>\n\n\n\n<hr class=\"wp-block-separator has-alpha-channel-opacity\"\/>\n\n\n\n<p>Este martes 13 de diciembre de 2022, la bisbalenca Teresa Ma. Turdiu Armenteros ha tomado posesi\u00f3n del cargo de jueza de paz en la Bisbal del Pened\u00e8s, convirti\u00e9ndose en la primera mujer bisbalenca en ocupar este cargo.<\/p>\n\n\n\n<p>El Pleno ordinario de septiembre aprob\u00f3, por unanimidad, elegir a la sra. Teresa Ma. Turdiu Armenteros como jueza de paz en el municipio. Una vez que se ha recibido el nombramiento desde la sala del Gobierno del Tribunal Superior de Justicia de Catalu\u00f1a, Turdiu ha tomado posesi\u00f3n del cargo.<\/p>\n\n\n\n<p>Una vez efectuada la toma de posesi\u00f3n, Turdiu se ha reunido con la alcaldesa de la Bisbal del Pened\u00e8s, Agn\u00e8s Ferr\u00e9, quien le ha deseado muchos aciertos. La alcaldesa de la Bisbal del Pened\u00e8s, adem\u00e1s, quiere agradecer la labor que ha ejercido el juez de paz sustituto, el sr. Jaume Palau Saperas, durante estos meses y la que continuar\u00e1 haciendo, ya que sigue siendo el juez de paz sustituto.<\/p>\n","protected":false},"excerpt":{"rendered":"<p>Aquest dimarts 13 de desembre de 2022, la bisbalenca Teresa Ma. Turdiu Armenteros ha pres possessi\u00f3 del c\u00e0rrec de jutgessa de pau a la Bisbal del Pened\u00e8s, esdevenint la primera &hellip; <a href=\"https:\/\/bisbalpenedes.com\/web\/2022\/12\/14\/la-bisbalenca-teresa-ma-turdiu-armenteros-ha-pres-possessio-del-carrec-de-jutgessa-de-pau\/\" class=\"more-link\">Read More<\/a><\/p>\n","protected":false},"author":4,"featured_media":24366,"comment_status":"closed","ping_status":"closed","sticky":false,"template":"","format":"standard","meta":[],"categories":[2057,8],"tags":[5682,393,5684,5683],"_links":{"self":[{"href":"https:\/\/bisbalpenedes.com\/web\/wp-json\/wp\/v2\/posts\/24364"}],"collection":[{"href":"https:\/\/bisbalpenedes.com\/web\/wp-json\/wp\/v2\/posts"}],"about":[{"href":"https:\/\/bisbalpenedes.com\/web\/wp-json\/wp\/v2\/types\/post"}],"author":[{"embeddable":true,"href":"https:\/\/bisbalpenedes.com\/web\/wp-json\/wp\/v2\/users\/4"}],"replies":[{"embeddable":true,"href":"https:\/\/bisbalpenedes.com\/web\/wp-json\/wp\/v2\/comments?post=24364"}],"version-history":[{"count":1,"href":"https:\/\/bisbalpenedes.com\/web\/wp-json\/wp\/v2\/posts\/24364\/revisions"}],"predecessor-version":[{"id":24367,"href":"https:\/\/bisbalpenedes.com\/web\/wp-json\/wp\/v2\/posts\/24364\/revisions\/24367"}],"wp:featuredmedia":[{"embeddable":true,"href":"https:\/\/bisbalpenedes.com\/web\/wp-json\/wp\/v2\/media\/24366"}],"wp:attachment":[{"href":"https:\/\/bisbalpenedes.com\/web\/wp-json\/wp\/v2\/media?parent=24364"}],"wp:term":[{"taxonomy":"category","embeddable":true,"href":"https:\/\/bisbalpenedes.com\/web\/wp-json\/wp\/v2\/categories?post=24364"},{"taxonomy":"post_tag","embeddable":true,"href":"https:\/\/bisbalpenedes.com\/web\/wp-json\/wp\/v2\/tags?post=24364"}],"curies":[{"name":"wp","href":"https:\/\/api.w.org\/{rel}","templated":true}]}}