{"id":24353,"date":"2022-12-14T15:35:11","date_gmt":"2022-12-14T13:35:11","guid":{"rendered":"https:\/\/bisbalpenedes.com\/web\/?p=24353"},"modified":"2022-12-14T15:39:24","modified_gmt":"2022-12-14T13:39:24","slug":"el-bisbalenc-ion-velez-es-proclama-campio-despanya-de-taekwondo","status":"publish","type":"post","link":"https:\/\/bisbalpenedes.com\/web\/2022\/12\/14\/el-bisbalenc-ion-velez-es-proclama-campio-despanya-de-taekwondo\/","title":{"rendered":"El bisbalenc I\u00f3n V\u00e9lez es proclama campi\u00f3 d&#8217;Espanya de Taekwondo &#8211; El tamb\u00e9 bisbalenc i entrenador Alberto Calvo va obtenir una medalla de bronze"},"content":{"rendered":"\n<p>El bisbalenc I\u00f3n V\u00e9lez es va proclamar campi\u00f3 d\u2019Espanya de Taekwondo al Campionat d\u2019Espanya per clubs, celebrat a Val\u00e8ncia del 3 al 6 de desembre. La seva entrenadora, Irene Calvo del Gimn\u00e0s Ol\u00edmpic, ha explicat que \u201cel I\u00f3n va fer un gran combat, proclamant-se campi\u00f3 en la categoria precadet -52kg\u201d.<\/p>\n\n\n\n<p>El tamb\u00e9 bisbalenc i entrenador, Alberto Calvo, va endur-se una medalla en el campionat. En el seu cas, va participar en la categoria Master-3 i va aconseguir la medalla de bronze de&nbsp;<em>poomsaes.<\/em><\/p>\n\n\n\n<p>Des d\u2019aqu\u00ed volem felicitar-los per les noves fites assolides i engrescar-los a continuar treballant com fins ara per aconseguir noves fites esportives.<\/p>\n\n\n\n<hr class=\"wp-block-separator has-alpha-channel-opacity\"\/>\n\n\n\n<p><strong>CASTELLANO |&nbsp;<\/strong>El bisbalenc I\u00f3n V\u00e9lez se proclam\u00f3 campe\u00f3n de Espa\u00f1a de Taekwondo en el Campeonato de Espa\u00f1a por clubs, celebrado en Valencia del 3 al 6 de diciembre. Su entrenadora, Irene Calvo del Gimn\u00e0s Ol\u00edmpic, ha explicado que \u201cI\u00f3n hizo un gran combate, proclam\u00e1ndose campe\u00f3n en la categor\u00eda precadete -52kg\u201d.<\/p>\n\n\n\n<p>El tambi\u00e9n bisbalenc y entrenador, Alberto Calvo, tambi\u00e9n se llev\u00f3 una medalla en el campeonato. En su caso, particip\u00f3 en la categor\u00eda Master-3 y consigui\u00f3 la medalla de bronce de&nbsp;<em>poomsaes.<\/em><\/p>\n\n\n\n<p>Desde aqu\u00ed queremos felicitarlos por los nuevos logros conseguidos y animarlos a continuar trabajando como hasta ahora por conseguir nuevas metas deportivos.<\/p>\n","protected":false},"excerpt":{"rendered":"<p>El bisbalenc I\u00f3n V\u00e9lez es va proclamar campi\u00f3 d\u2019Espanya de Taekwondo al Campionat d\u2019Espanya per clubs, celebrat a Val\u00e8ncia del 3 al 6 de desembre. La seva entrenadora, Irene Calvo &hellip; <a href=\"https:\/\/bisbalpenedes.com\/web\/2022\/12\/14\/el-bisbalenc-ion-velez-es-proclama-campio-despanya-de-taekwondo\/\" class=\"more-link\">Read More<\/a><\/p>\n","protected":false},"author":4,"featured_media":24354,"comment_status":"closed","ping_status":"closed","sticky":false,"template":"","format":"standard","meta":[],"categories":[19,8],"tags":[5680,1437,1436,5679,393,4447],"_links":{"self":[{"href":"https:\/\/bisbalpenedes.com\/web\/wp-json\/wp\/v2\/posts\/24353"}],"collection":[{"href":"https:\/\/bisbalpenedes.com\/web\/wp-json\/wp\/v2\/posts"}],"about":[{"href":"https:\/\/bisbalpenedes.com\/web\/wp-json\/wp\/v2\/types\/post"}],"author":[{"embeddable":true,"href":"https:\/\/bisbalpenedes.com\/web\/wp-json\/wp\/v2\/users\/4"}],"replies":[{"embeddable":true,"href":"https:\/\/bisbalpenedes.com\/web\/wp-json\/wp\/v2\/comments?post=24353"}],"version-history":[{"count":3,"href":"https:\/\/bisbalpenedes.com\/web\/wp-json\/wp\/v2\/posts\/24353\/revisions"}],"predecessor-version":[{"id":24357,"href":"https:\/\/bisbalpenedes.com\/web\/wp-json\/wp\/v2\/posts\/24353\/revisions\/24357"}],"wp:featuredmedia":[{"embeddable":true,"href":"https:\/\/bisbalpenedes.com\/web\/wp-json\/wp\/v2\/media\/24354"}],"wp:attachment":[{"href":"https:\/\/bisbalpenedes.com\/web\/wp-json\/wp\/v2\/media?parent=24353"}],"wp:term":[{"taxonomy":"category","embeddable":true,"href":"https:\/\/bisbalpenedes.com\/web\/wp-json\/wp\/v2\/categories?post=24353"},{"taxonomy":"post_tag","embeddable":true,"href":"https:\/\/bisbalpenedes.com\/web\/wp-json\/wp\/v2\/tags?post=24353"}],"curies":[{"name":"wp","href":"https:\/\/api.w.org\/{rel}","templated":true}]}}