{"id":24349,"date":"2022-12-14T14:49:32","date_gmt":"2022-12-14T12:49:32","guid":{"rendered":"https:\/\/bisbalpenedes.com\/web\/?p=24349"},"modified":"2022-12-14T14:49:32","modified_gmt":"2022-12-14T12:49:32","slug":"lalcaldessa-va-assistir-a-la-inauguracio-de-lexposicio-150-anys-del-naixement-de-nativitat-yarza-planas-el-passat-22-de-novembre-la-mostra-es-pot-visitar-fins-al-17-de-desembre-al-palau-bofa","status":"publish","type":"post","link":"https:\/\/bisbalpenedes.com\/web\/2022\/12\/14\/lalcaldessa-va-assistir-a-la-inauguracio-de-lexposicio-150-anys-del-naixement-de-nativitat-yarza-planas-el-passat-22-de-novembre-la-mostra-es-pot-visitar-fins-al-17-de-desembre-al-palau-bofa\/","title":{"rendered":"L&#8217;alcaldessa va assistir a la inauguraci\u00f3 de l&#8217;exposici\u00f3 &#8220;150 anys del naixement de Nativitat Yarza Planas&#8221; el passat 22 de novembre &#8211; La mostra es pot visitar fins al 17 de desembre al Palau Bofarull de la Diputaci\u00f3 de Tarragona"},"content":{"rendered":"\n<p>L\u2019alcaldessa de la Bisbal del Pened\u00e8s, Agn\u00e8s Ferr\u00e9, va assistir a la inauguraci\u00f3 de l\u2019exposici\u00f3 commemorativa &#8220;150 anys del naixement de Nativitat Yarza Planas&#8221;, el passat 22 de novembre, al Palau Bofarull de la Diputaci\u00f3 de Tarragona. L\u2019acte va comptar amb la pres\u00e8ncia de les dones alcaldesses d\u2019en\u00e7\u00e0 de les primeres eleccions municipals en democr\u00e0cia.<\/p>\n\n\n\n<p>L\u2019exposici\u00f3 es pot visitar fins al 17 de desembre, d\u201911 a 13h i de 17 a 20h, i \u00e9s una mostra que \u201cvol ser un homenatge a les dones que han estat o s\u00f3n alcaldesses, regidores o presidentes de consells comarcals a la demarcaci\u00f3 des de la recuperaci\u00f3 de la democr\u00e0cia fins a l\u2019actualitat\u201d. Nativitat Yarza va ser la primera alcaldessa elegida democr\u00e0ticament a Catalunya a les eleccions de gener de 1934.<\/p>\n\n\n\n<hr class=\"wp-block-separator has-alpha-channel-opacity\"\/>\n\n\n\n<p>La alcaldesa de la Bisbal del Pened\u00e8s, Agn\u00e8s Ferr\u00e9, asisti\u00f3 a la inauguraci\u00f3n de la exposici\u00f3n conmemorativa &#8220;150 a\u00f1os del nacimiento de Nativitat Yarza Planas&#8221;, el pasado 22 de noviembre, en el Palau Bofarull de la Diputaci\u00f3 de Tarragona. El acto cont\u00f3 con la presencia de las mujeres alcaldesas desde las primeras elecciones municipales en democracia.<\/p>\n\n\n\n<p>La exposici\u00f3n se puede visitar hasta el 17 de diciembre, de 11 a 13h y de 17 a 20h, y es una muestra que \u201cquiere ser un homenaje a las mujeres que han sido o son alcaldesas, concejalas o presidentas de <em>consells comarcals<\/em> en la demarcaci\u00f3n desde la recuperaci\u00f3n de la democracia hasta la actualidad\u201d. Nativitat Yarza fue la primera alcaldesa elegida democr\u00e1ticamente en Catalu\u00f1a en las elecciones de enero de 1934.<\/p>\n","protected":false},"excerpt":{"rendered":"<p>L\u2019alcaldessa de la Bisbal del Pened\u00e8s, Agn\u00e8s Ferr\u00e9, va assistir a la inauguraci\u00f3 de l\u2019exposici\u00f3 commemorativa &#8220;150 anys del naixement de Nativitat Yarza Planas&#8221;, el passat 22 de novembre, al &hellip; <a href=\"https:\/\/bisbalpenedes.com\/web\/2022\/12\/14\/lalcaldessa-va-assistir-a-la-inauguracio-de-lexposicio-150-anys-del-naixement-de-nativitat-yarza-planas-el-passat-22-de-novembre-la-mostra-es-pot-visitar-fins-al-17-de-desembre-al-palau-bofa\/\" class=\"more-link\">Read More<\/a><\/p>\n","protected":false},"author":4,"featured_media":24350,"comment_status":"closed","ping_status":"closed","sticky":false,"template":"","format":"standard","meta":[],"categories":[2057,8],"tags":[1151,459,2816,673,4928,5677,5678,1374],"_links":{"self":[{"href":"https:\/\/bisbalpenedes.com\/web\/wp-json\/wp\/v2\/posts\/24349"}],"collection":[{"href":"https:\/\/bisbalpenedes.com\/web\/wp-json\/wp\/v2\/posts"}],"about":[{"href":"https:\/\/bisbalpenedes.com\/web\/wp-json\/wp\/v2\/types\/post"}],"author":[{"embeddable":true,"href":"https:\/\/bisbalpenedes.com\/web\/wp-json\/wp\/v2\/users\/4"}],"replies":[{"embeddable":true,"href":"https:\/\/bisbalpenedes.com\/web\/wp-json\/wp\/v2\/comments?post=24349"}],"version-history":[{"count":1,"href":"https:\/\/bisbalpenedes.com\/web\/wp-json\/wp\/v2\/posts\/24349\/revisions"}],"predecessor-version":[{"id":24351,"href":"https:\/\/bisbalpenedes.com\/web\/wp-json\/wp\/v2\/posts\/24349\/revisions\/24351"}],"wp:featuredmedia":[{"embeddable":true,"href":"https:\/\/bisbalpenedes.com\/web\/wp-json\/wp\/v2\/media\/24350"}],"wp:attachment":[{"href":"https:\/\/bisbalpenedes.com\/web\/wp-json\/wp\/v2\/media?parent=24349"}],"wp:term":[{"taxonomy":"category","embeddable":true,"href":"https:\/\/bisbalpenedes.com\/web\/wp-json\/wp\/v2\/categories?post=24349"},{"taxonomy":"post_tag","embeddable":true,"href":"https:\/\/bisbalpenedes.com\/web\/wp-json\/wp\/v2\/tags?post=24349"}],"curies":[{"name":"wp","href":"https:\/\/api.w.org\/{rel}","templated":true}]}}