{"id":2434,"date":"2017-05-19T23:19:50","date_gmt":"2017-05-19T17:19:50","guid":{"rendered":"http:\/\/bisbalpenedes.com\/web\/?p=2434"},"modified":"2017-05-22T00:25:06","modified_gmt":"2017-05-21T18:25:06","slug":"lajuntament-crea-una-franja-forestal-a-can-gordei","status":"publish","type":"post","link":"https:\/\/bisbalpenedes.com\/web\/2017\/05\/19\/lajuntament-crea-una-franja-forestal-a-can-gordei\/","title":{"rendered":"L&#8217;Ajuntament crea una franja forestal a Can Gordei"},"content":{"rendered":"<p><a href=\"http:\/\/bisbalpenedes.com\/web\/wp-content\/uploads\/2017\/05\/DSC00227.jpg\"><br \/>\n<\/a><a href=\"http:\/\/bisbalpenedes.com\/web\/wp-content\/uploads\/2017\/05\/DSC00228.jpg\"><img loading=\"lazy\" class=\"aligncenter size-medium wp-image-2436\" title=\"franja forestal 2 can gordei\" src=\"http:\/\/bisbalpenedes.com\/web\/wp-content\/uploads\/2017\/05\/DSC00228-300x225.jpg\" alt=\"\" width=\"300\" height=\"225\" srcset=\"https:\/\/bisbalpenedes.com\/web\/wp-content\/uploads\/2017\/05\/DSC00228-300x225.jpg 300w, https:\/\/bisbalpenedes.com\/web\/wp-content\/uploads\/2017\/05\/DSC00228-600x450.jpg 600w, https:\/\/bisbalpenedes.com\/web\/wp-content\/uploads\/2017\/05\/DSC00228-1024x768.jpg 1024w, https:\/\/bisbalpenedes.com\/web\/wp-content\/uploads\/2017\/05\/DSC00228.jpg 1600w\" sizes=\"(max-width: 300px) 100vw, 300px\" \/><\/a><\/p>\n<p>L\u2019Ajuntament de La Bisbal del Pened\u00e8s, a petici\u00f3 de la Regidoria de Medi Ambient, est\u00e0 creant una franja forestal a Can Gordei. Els treballs que s\u2019estan duent a terme preveuen 25 metres de franja forestal i una zona de m\u00e9s amplada ubicada a les proximitats del barranc del Quadrell, amb la finalitat d\u2019incrementar la seguretat en aquesta zona. Els treballs tindran un cost total de 17.424 (IVA incl\u00f2s) i tenen com a objectiu la gesti\u00f3 i el control del foc per part dels bombers en cas d\u2019incendi forestal a la zona, ja que es podria evitar l\u2019expansi\u00f3 cap a altres zones. Aix\u00ed, l\u2019Ajuntament de La Bisbal vetlla per la protecci\u00f3 de les persones, la vegetaci\u00f3 i l\u2019ecosistema aix\u00ed com dels b\u00e9ns i propietats dels bisbalencs i les bisbalenques.<\/p>\n","protected":false},"excerpt":{"rendered":"<p>L\u2019Ajuntament de La Bisbal del Pened\u00e8s, a petici\u00f3 de la Regidoria de Medi Ambient, est\u00e0 creant una franja forestal a Can Gordei. Els treballs que s\u2019estan duent a terme preveuen &hellip; <a href=\"https:\/\/bisbalpenedes.com\/web\/2017\/05\/19\/lajuntament-crea-una-franja-forestal-a-can-gordei\/\" class=\"more-link\">Read More<\/a><\/p>\n","protected":false},"author":4,"featured_media":2435,"comment_status":"closed","ping_status":"closed","sticky":false,"template":"","format":"standard","meta":[],"categories":[32],"tags":[198,403,404],"_links":{"self":[{"href":"https:\/\/bisbalpenedes.com\/web\/wp-json\/wp\/v2\/posts\/2434"}],"collection":[{"href":"https:\/\/bisbalpenedes.com\/web\/wp-json\/wp\/v2\/posts"}],"about":[{"href":"https:\/\/bisbalpenedes.com\/web\/wp-json\/wp\/v2\/types\/post"}],"author":[{"embeddable":true,"href":"https:\/\/bisbalpenedes.com\/web\/wp-json\/wp\/v2\/users\/4"}],"replies":[{"embeddable":true,"href":"https:\/\/bisbalpenedes.com\/web\/wp-json\/wp\/v2\/comments?post=2434"}],"version-history":[{"count":3,"href":"https:\/\/bisbalpenedes.com\/web\/wp-json\/wp\/v2\/posts\/2434\/revisions"}],"predecessor-version":[{"id":2438,"href":"https:\/\/bisbalpenedes.com\/web\/wp-json\/wp\/v2\/posts\/2434\/revisions\/2438"}],"wp:featuredmedia":[{"embeddable":true,"href":"https:\/\/bisbalpenedes.com\/web\/wp-json\/wp\/v2\/media\/2435"}],"wp:attachment":[{"href":"https:\/\/bisbalpenedes.com\/web\/wp-json\/wp\/v2\/media?parent=2434"}],"wp:term":[{"taxonomy":"category","embeddable":true,"href":"https:\/\/bisbalpenedes.com\/web\/wp-json\/wp\/v2\/categories?post=2434"},{"taxonomy":"post_tag","embeddable":true,"href":"https:\/\/bisbalpenedes.com\/web\/wp-json\/wp\/v2\/tags?post=2434"}],"curies":[{"name":"wp","href":"https:\/\/api.w.org\/{rel}","templated":true}]}}