{"id":24337,"date":"2022-12-14T13:18:45","date_gmt":"2022-12-14T11:18:45","guid":{"rendered":"https:\/\/bisbalpenedes.com\/web\/?p=24337"},"modified":"2022-12-14T13:23:08","modified_gmt":"2022-12-14T11:23:08","slug":"el-president-de-la-generalitat-i-el-conseller-de-salut-han-anunciat-lampliacio-de-lhospital-comarcal-del-baix-penedes","status":"publish","type":"post","link":"https:\/\/bisbalpenedes.com\/web\/2022\/12\/14\/el-president-de-la-generalitat-i-el-conseller-de-salut-han-anunciat-lampliacio-de-lhospital-comarcal-del-baix-penedes\/","title":{"rendered":"El president de la Generalitat i el conseller de Salut han anunciat l\u2019ampliaci\u00f3 de l\u2019Hospital Comarcal del Baix Pened\u00e8s"},"content":{"rendered":"\n<p>L\u2019alcaldessa de la Bisbal del Pened\u00e8s, Agn\u00e8s Ferr\u00e9, valora molt positivament l\u2019anunci d\u2019ampliaci\u00f3 de l\u2019Hospital Comarcal del Baix Pened\u00e8s que van fer el president de la Generalitat de Catalunya, Pere Aragon\u00e8s; i el conseller de Salut, Manel Balcells, el passat dilluns 7 de desembre. Les obres d\u2019ampliaci\u00f3 s\u2019han incl\u00f2s en la partida dels pressupostos 2023 que est\u00e0 previst que s\u2019aprovin properament. De ser aix\u00ed, les obres comen\u00e7arien el 2023.<\/p>\n\n\n\n<p>Segons la informaci\u00f3 publicada des del Consell Comarcal del Baix Pened\u00e8s, <em>\u201cl\u2019any 2023, la Fundaci\u00f3 Sanit\u00e0ria de Sant Pau i Santa Tecla, responsable de donar el servei sanitari, donar\u00e0 inici a les obres amb un cost total previst de 45 milions d\u2019euros, passant de 15.926m2 a 25.452m2. L\u2019ampliaci\u00f3 es preveu que entri en servei el 2025. Aquesta ampliaci\u00f3 comportar\u00e0 un augment de serveis, l\u2019ampliaci\u00f3 dels serveis d\u2019urg\u00e8ncies dels caps de l\u2019Arbo\u00e7 i Calafell i tamb\u00e9 comportar\u00e0 l\u2019ampliaci\u00f3 de l\u2019aparcament i la possible instal\u00b7laci\u00f3 d\u2019un heliport per donar millor servei\u201d.<\/em><\/p>\n\n\n\n<hr class=\"wp-block-separator has-alpha-channel-opacity\"\/>\n\n\n\n<p><strong>CASTELLANO |<\/strong>\u00a0La alcaldesa de la Bisbal del Pened\u00e8s, Agn\u00e8s Ferr\u00e9, valora muy positivamente el anuncio de ampliaci\u00f3n del Hospital Comarcal del Baix Pened\u00e8s que hicieron el presidente de la Generalitat de Catalu\u00f1a, Pere Aragon\u00e8s; y el consejero de Salud, Manel Balcells, el pasado lunes 7 de diciembre. Las obras de ampliaci\u00f3n se han incluido en la partida de los presupuestos 2023 que est\u00e1 previsto que se aprueben pr\u00f3ximamente. De ser as\u00ed, las obras empezar\u00edan en el 2023.<\/p>\n\n\n\n<p>Seg\u00fan la informaci\u00f3n publicada desde el Consell Comarcal del Baix Pened\u00e8s, <em>\u201cen el a\u00f1o 2023, la Fundaci\u00f3 Sanit\u00e0ria de Sant Pau i Santa Tecla, responsable de ofrecer el servicio sanitario, dar\u00e1 inicio a las obras con un coste total previsto de 45 millones de euros, pasando de 15.926m2 a 25.452m2. La ampliaci\u00f3n se prev\u00e9 que entre en servicio en el 2025. Esta ampliaci\u00f3n comportar\u00e1 un aumento de servicios, la ampliaci\u00f3n de los servicios de urgencias en los caps de l\u2019Arbo\u00e7 y Calafell y tambi\u00e9n comportar\u00e1 la ampliaci\u00f3n del aparcamiento y la posible instalaci\u00f3n de un helipuerto para dar mejor servicio\u201d.<\/em>\u00a0<\/p>\n","protected":false},"excerpt":{"rendered":"<p>L\u2019alcaldessa de la Bisbal del Pened\u00e8s, Agn\u00e8s Ferr\u00e9, valora molt positivament l\u2019anunci d\u2019ampliaci\u00f3 de l\u2019Hospital Comarcal del Baix Pened\u00e8s que van fer el president de la Generalitat de Catalunya, Pere &hellip; <a href=\"https:\/\/bisbalpenedes.com\/web\/2022\/12\/14\/el-president-de-la-generalitat-i-el-conseller-de-salut-han-anunciat-lampliacio-de-lhospital-comarcal-del-baix-penedes\/\" class=\"more-link\">Read More<\/a><\/p>\n","protected":false},"author":4,"featured_media":24338,"comment_status":"closed","ping_status":"closed","sticky":false,"template":"","format":"standard","meta":[],"categories":[2057,8,14],"tags":[459,3659,5516,393,1374,5673],"_links":{"self":[{"href":"https:\/\/bisbalpenedes.com\/web\/wp-json\/wp\/v2\/posts\/24337"}],"collection":[{"href":"https:\/\/bisbalpenedes.com\/web\/wp-json\/wp\/v2\/posts"}],"about":[{"href":"https:\/\/bisbalpenedes.com\/web\/wp-json\/wp\/v2\/types\/post"}],"author":[{"embeddable":true,"href":"https:\/\/bisbalpenedes.com\/web\/wp-json\/wp\/v2\/users\/4"}],"replies":[{"embeddable":true,"href":"https:\/\/bisbalpenedes.com\/web\/wp-json\/wp\/v2\/comments?post=24337"}],"version-history":[{"count":4,"href":"https:\/\/bisbalpenedes.com\/web\/wp-json\/wp\/v2\/posts\/24337\/revisions"}],"predecessor-version":[{"id":24342,"href":"https:\/\/bisbalpenedes.com\/web\/wp-json\/wp\/v2\/posts\/24337\/revisions\/24342"}],"wp:featuredmedia":[{"embeddable":true,"href":"https:\/\/bisbalpenedes.com\/web\/wp-json\/wp\/v2\/media\/24338"}],"wp:attachment":[{"href":"https:\/\/bisbalpenedes.com\/web\/wp-json\/wp\/v2\/media?parent=24337"}],"wp:term":[{"taxonomy":"category","embeddable":true,"href":"https:\/\/bisbalpenedes.com\/web\/wp-json\/wp\/v2\/categories?post=24337"},{"taxonomy":"post_tag","embeddable":true,"href":"https:\/\/bisbalpenedes.com\/web\/wp-json\/wp\/v2\/tags?post=24337"}],"curies":[{"name":"wp","href":"https:\/\/api.w.org\/{rel}","templated":true}]}}