{"id":24331,"date":"2022-12-13T12:34:21","date_gmt":"2022-12-13T10:34:21","guid":{"rendered":"https:\/\/bisbalpenedes.com\/web\/?p=24331"},"modified":"2022-12-13T12:34:21","modified_gmt":"2022-12-13T10:34:21","slug":"lajuntament-sollicita-al-soc-contractar-4-joves-dins-del-programa-de-primera-experiencia-professional-en-les-administracions-publiques","status":"publish","type":"post","link":"https:\/\/bisbalpenedes.com\/web\/2022\/12\/13\/lajuntament-sollicita-al-soc-contractar-4-joves-dins-del-programa-de-primera-experiencia-professional-en-les-administracions-publiques\/","title":{"rendered":"L\u2019Ajuntament sol\u00b7licita al SOC contractar 4 joves dins del programa de primera experi\u00e8ncia professional en les administracions p\u00fabliques"},"content":{"rendered":"\n<p>La Junta de Govern del 12 de desembre de 2022 ha aprovat sol\u00b7licitar la contractaci\u00f3 de quatre joves, dins de la convocat\u00f2ria per a l\u2019any 2022, del programa de primera experi\u00e8ncia professional en les administracions p\u00fabliques. La contractaci\u00f3 s\u2019ha sol\u00b7licitat per a un any i en la modalitat de contracte formatiu per a l\u2019obtenci\u00f3 de la pr\u00e0ctica professional. Aquest programa s\u2019adre\u00e7a a persones joves aturades, en el marc del Pla de Recuperaci\u00f3, Transformaci\u00f3 i Resili\u00e8ncia finan\u00e7at per la Uni\u00f3 Europea \u2013 NextGenerationEU. Quan el SOC resolgui la sol\u00b7licitud, informar\u00e0 l\u2019Ajuntament sobre la subvenci\u00f3 adjudicada i s\u2019iniciar\u00e0 la contractaci\u00f3 dels joves.<\/p>\n\n\n\n<p>Concretament, les sol\u00b7licituds presentades s\u00f3n:<\/p>\n\n\n\n<p><strong>1.-Un\/a t\u00e8cnic\/a de turisme i patrimoni cultural.<\/strong><\/p>\n\n\n\n<p>Per a la creaci\u00f3 i dinamitzaci\u00f3 d\u2019activitats per donar a con\u00e8ixer el patrimoni; redacci\u00f3 i disseny de material informatiu i divulgatiu; dinamitzar el comer\u00e7; suport a activitats de promoci\u00f3 econ\u00f2mica i territorial.<\/p>\n\n\n\n<p><strong>2.-Un\/a t\u00e8cnic\/a d\u2019inform\u00e0tica.<\/strong><\/p>\n\n\n\n<p>Per a la realitzaci\u00f3 d\u2019operacions b\u00e0siques d\u2019administraci\u00f3 i manteniment de sistemes operatius. Configuraci\u00f3 de l\u2019acc\u00e9s de l\u2019ordinador a la xarxa, integraci\u00f3 d\u2019altres llocs de treball i serveis a la xarxa fixa i m\u00f2bil; implantaci\u00f3 i \u00fas d\u2019aplicacions ofim\u00e0tiques i corporatives, tractament de text, fulls de c\u00e0lcul, bases de dades. Documentaci\u00f3 de la implantaci\u00f3, plantilles i formularis d\u2019entrada i de sortida, combinaci\u00f3 de documents, c\u00f2pies de seguretat, guies d\u2019explotaci\u00f3, suport en l\u2019atenci\u00f3 a l\u2019usuari, manipulaci\u00f3, captura i edici\u00f3 d\u2019imatges digitals i de v\u00eddeo i maquetaci\u00f3 i disseny.<\/p>\n\n\n\n<p><strong>3.-Un\/a arquitecte\/a t\u00e8cnic\/a.<\/strong><\/p>\n\n\n\n<p>Per realitzar visites d\u2019expedients de comunicaci\u00f3 pr\u00e8via en mat\u00e8ria urban\u00edstica, comprovacions de finques i dades d\u2019inscripcions registrals comunicables pel registre de la propietat, supervisi\u00f3 i execuci\u00f3 de petites obres de reparaci\u00f3, redactar i supervisar documents t\u00e8cnics i suport a serveis t\u00e8cnics.<\/p>\n\n\n\n<p><strong>4.-Un\/a t\u00e8cnic\/a d\u2019educaci\u00f3 infantil.<\/strong><\/p>\n\n\n\n<p>Per a la llar d\u2019infants municipal. Tasques: tenir cura dels infants, preparaci\u00f3 i programaci\u00f3 d\u2019activitats, avaluaci\u00f3 psicomotora, emocional i desenvolupament integral del nen\/a, coordinaci\u00f3 amb l\u2019equip de treball i comunicaci\u00f3 amb els tutor\/es dels nens\/es.<\/p>\n\n\n\n<p>Enguany, el SOC ha modificat aquest projecte -que anteriorment era \u201cJoves en pr\u00e0ctiques\u201d de Garantia Juvenil- per convertir-lo en el programa de primera experi\u00e8ncia professional en les administracions p\u00fabliques. L\u2019objectiu principal \u00e9s que les persones joves desocupades puguin adquirir les primeres experi\u00e8ncies professionals i adquirir les compet\u00e8ncies i habilitats socials i professionals en les administracions p\u00fabliques.<\/p>\n\n\n\n<hr class=\"wp-block-separator has-alpha-channel-opacity\"\/>\n\n\n\n<p><strong>CASTELLANO |<\/strong> La Junta de Gobierno del 12 de diciembre de 2022 ha aprobado solicitar la contrataci\u00f3n de cuatro j\u00f3venes, dentro de la convocatoria para el a\u00f1o 2022, del programa de primera experiencia profesional en las administraciones p\u00fablicas. La contrataci\u00f3n se ha solicitado para un a\u00f1o y en la modalidad de contrato formativo para la obtenci\u00f3n de la pr\u00e1ctica profesional. Este programa est\u00e1 dirigido a personas j\u00f3venes paradas, en el marco del Plan de Recuperaci\u00f3n, Transformaci\u00f3n y Resiliencia financiado por la Uni\u00f3n Europea \u2013 NextGenerationEU. Cuando el SOC Resuelva la solicitud, informar\u00e1 al Ayuntamiento sobre la subvenci\u00f3n adjudicada y se iniciar\u00e1 la contrataci\u00f3n de j\u00f3venes.<\/p>\n\n\n\n<p>Concretamente, las solicitudes presentadas son:<\/p>\n\n\n\n<p><strong>1.-Un\/a t\u00e9cnico\/a de turismo y patrimonio cultural.<\/strong><\/p>\n\n\n\n<p>Para la creaci\u00f3n y dinamizaci\u00f3n de actividades para dar a conocer el patrimonio; redacci\u00f3n y dise\u00f1o de material informativo y divulgativo; dinamizar el comercio, apoyo a actividades de promoci\u00f3n econ\u00f3mica y territorial.<\/p>\n\n\n\n<p><strong>2.-Un\/a t\u00e9cnico\/a de inform\u00e1tica.<\/strong><\/p>\n\n\n\n<p>Para la realizaci\u00f3n de operaciones b\u00e1sicas de administraci\u00f3n y mantenimiento de sistemas operativos. Configuraci\u00f3n del acceso del ordenador a la red, integraci\u00f3n de otros puestos de trabajo y servicios a la red fija y m\u00f3vil, implantaci\u00f3n y uso de aplicaciones ofim\u00e1ticas y corporativas, tratamiento de texto, hojas de c\u00e1lculo, bases de datos, Documentaci\u00f3n de la implantaci\u00f3n, plantillas y formularios de entrada y de salida, combinaci\u00f3n de documentos, copias de seguridad, gu\u00edas de explotaci\u00f3n, apoyo en la atenci\u00f3n al usuario, manipulaci\u00f3n, captura y edici\u00f3n de im\u00e1genes digitales y de v\u00eddeo y maquetaci\u00f3n y dise\u00f1o.<\/p>\n\n\n\n<p><strong>3.-Un\/a arquitecto\/a t\u00e9cnico\/a.<\/strong><\/p>\n\n\n\n<p>Para realizar visitas de expedientes de comunicaci\u00f3n previa en materia urban\u00edstica, comprobaciones de fincas y datos de inscripciones registrales comunicables por el registro de la propiedad, supervisi\u00f3n y ejecuci\u00f3n de peque\u00f1as obras de reparaci\u00f3n, redactar y supervisar documentos t\u00e9cnicos y apoyo a servicios t\u00e9cnicos.<\/p>\n\n\n\n<p><strong>4.-Un\/a t\u00e9cnico\/a de educaci\u00f3n infantil.<\/strong><\/p>\n\n\n\n<p>Para la guarder\u00eda municipal. Tareas: cuidar a los ni\u00f1os y ni\u00f1as, preparaci\u00f3n y programaci\u00f3n de actividades, evaluaci\u00f3n psicomotora, emocional y desarrollo integral del ni\u00f1o\/a, coordinaci\u00f3n con el equipo de trabajo y comunicaci\u00f3n con los tutores\/as de los ni\u00f1os\/as.<\/p>\n\n\n\n<p>Este a\u00f1o, el SOC ha modificado este proyecto -que anteriormente era \u201cJ\u00f3venes en pr\u00e1cticas\u201d de Garant\u00eda Juvenil- para convertirlo en el programa de primera experiencia profesional en las administraciones p\u00fablicas. El objetivo principal es que las personas j\u00f3venes desocupadas puedan adquirir las primeras experiencias profesionales y adquirir las competencias y habilidades sociales y profesionales en las administraciones p\u00fablicas.<\/p>\n","protected":false},"excerpt":{"rendered":"<p>La Junta de Govern del 12 de desembre de 2022 ha aprovat sol\u00b7licitar la contractaci\u00f3 de quatre joves, dins de la convocat\u00f2ria per a l\u2019any 2022, del programa de primera &hellip; <a href=\"https:\/\/bisbalpenedes.com\/web\/2022\/12\/13\/lajuntament-sollicita-al-soc-contractar-4-joves-dins-del-programa-de-primera-experiencia-professional-en-les-administracions-publiques\/\" class=\"more-link\">Read More<\/a><\/p>\n","protected":false},"author":4,"featured_media":13964,"comment_status":"closed","ping_status":"closed","sticky":false,"template":"","format":"standard","meta":[],"categories":[2402,8],"tags":[459,1067,393,5670,1374,5669,972,263],"_links":{"self":[{"href":"https:\/\/bisbalpenedes.com\/web\/wp-json\/wp\/v2\/posts\/24331"}],"collection":[{"href":"https:\/\/bisbalpenedes.com\/web\/wp-json\/wp\/v2\/posts"}],"about":[{"href":"https:\/\/bisbalpenedes.com\/web\/wp-json\/wp\/v2\/types\/post"}],"author":[{"embeddable":true,"href":"https:\/\/bisbalpenedes.com\/web\/wp-json\/wp\/v2\/users\/4"}],"replies":[{"embeddable":true,"href":"https:\/\/bisbalpenedes.com\/web\/wp-json\/wp\/v2\/comments?post=24331"}],"version-history":[{"count":1,"href":"https:\/\/bisbalpenedes.com\/web\/wp-json\/wp\/v2\/posts\/24331\/revisions"}],"predecessor-version":[{"id":24332,"href":"https:\/\/bisbalpenedes.com\/web\/wp-json\/wp\/v2\/posts\/24331\/revisions\/24332"}],"wp:featuredmedia":[{"embeddable":true,"href":"https:\/\/bisbalpenedes.com\/web\/wp-json\/wp\/v2\/media\/13964"}],"wp:attachment":[{"href":"https:\/\/bisbalpenedes.com\/web\/wp-json\/wp\/v2\/media?parent=24331"}],"wp:term":[{"taxonomy":"category","embeddable":true,"href":"https:\/\/bisbalpenedes.com\/web\/wp-json\/wp\/v2\/categories?post=24331"},{"taxonomy":"post_tag","embeddable":true,"href":"https:\/\/bisbalpenedes.com\/web\/wp-json\/wp\/v2\/tags?post=24331"}],"curies":[{"name":"wp","href":"https:\/\/api.w.org\/{rel}","templated":true}]}}