{"id":2430,"date":"2017-05-19T18:02:08","date_gmt":"2017-05-19T12:02:08","guid":{"rendered":"http:\/\/bisbalpenedes.com\/web\/?p=2430"},"modified":"2017-05-22T03:41:07","modified_gmt":"2017-05-21T21:41:07","slug":"convocatoria-enginyer-municipal","status":"publish","type":"post","link":"https:\/\/bisbalpenedes.com\/web\/2017\/05\/19\/convocatoria-enginyer-municipal\/","title":{"rendered":"L\u2019Ajuntament de La Bisbal del Pened\u00e8s convoca un proc\u00e9s selectiu per a la contractaci\u00f3 d\u2019un enginyer t\u00e8cnic industrial"},"content":{"rendered":"<p>L\u2019Ajuntament convoca un proc\u00e9s selectiu per una pla\u00e7a d\u2019enginyer t\u00e8cnic industrial. La Junta de Govern Local va aprovar el 6 d\u2019abril de 2017 les bases de la convocat\u00f2ria d\u2019un proc\u00e9s selectiu mitjan\u00e7ant concurs-oposici\u00f3 lliure, per a la cobertura d\u2019una pla\u00e7a d\u2019enginyer t\u00e8cnic industrial, en r\u00e8gim de funcionari inter\u00ed a temps parcial (25 hores setmanals) a l\u2019Ajuntament de La Bisbal del Pened\u00e8s. Els interessats poden presentar la documentaci\u00f3 per optar a la pla\u00e7a, a les oficines de l\u2019Ajuntament, fins al 8 de juny de 2017.<\/p>\n<p><span style=\"text-decoration: underline;\">Per prendre part de la convocat\u00f2ria, els aspirants han de complir els requisits seg\u00fcents:<\/span><\/p>\n<p>a)\u00a0\u00a0\u00a0\u00a0\u00a0 Tenir la nacionalitat espanyola o la dels altres membres de la Uni\u00f3 Europea o la dels estats als quals, en virtut dels tractats internacionals subscrits per la Uni\u00f3 Europea i ratificats per Espanya, els sigui aplicable la lliura circulaci\u00f3 dels treballadors. En qualsevol cas, els\/les aspirants que no tinguin la nacionalitat espanyola han d\u2019acreditar documentalment la seva nacionalitat.<\/p>\n<p>b)\u00a0\u00a0\u00a0\u00a0\u00a0 Con\u00e8ixer les dues lleng\u00fces oficials de Catalunya: catal\u00e0 i castell\u00e0<\/p>\n<p>c)\u00a0\u00a0\u00a0\u00a0\u00a0\u00a0 Tenir complerts 16 anys d\u2019edat, i no excedir, en el seu cas, de l\u2019edat m\u00e0xim de jubilaci\u00f3 for\u00e7osa<\/p>\n<p>d)\u00a0\u00a0\u00a0\u00a0\u00a0 Estar en possessi\u00f3 d\u2019un grau en enginyeria o d\u2019una enginyeria t\u00e8cnica. Si es tracta d\u2019un t\u00edtol equivalent o obtingut a l\u2019estranger, cal aportar l\u2019homologaci\u00f3 corresponent del Ministeri d\u2019Educaci\u00f3, Cultura i Esport<\/p>\n<p>e)\u00a0\u00a0\u00a0\u00a0\u00a0 No patir cap malaltia o limitaci\u00f3 f\u00edsica o ps\u00edquica que impedeixi complir les funcions corresponents al lloc de treball convocat.<\/p>\n<p>f)\u00a0\u00a0\u00a0\u00a0\u00a0\u00a0 No estar inhabilitat\/ada per a l\u2019exercici de les funcions p\u00fabliques per sent\u00e8ncia ferma, ni estar separat\/ada, mitjan\u00e7ant expedient disciplinari, del servei de qualsevol administraci\u00f3 p\u00fablica.<\/p>\n<p>g)\u00a0\u00a0\u00a0\u00a0\u00a0 Posseir el perm\u00eds de conduir de vehicles de la classe B.<\/p>\n<p>Es tracta d\u2019una pla\u00e7a amb funcions relacionades dins l\u2019\u00e0mbit d\u2019enllumenat p\u00fablic i d\u2019efici\u00e8ncia energ\u00e8tica, equipaments municipals i subministraments, projectes d\u2019obra p\u00fablica, salut p\u00fablica, activitats, contaminaci\u00f3 ac\u00fastica i lum\u00ednica i medi ambient i d\u2019aquelles compet\u00e8ncies m\u00ednimes establertes a l\u2019art. 26.1 de la Llei 7\/1985, de 2 d\u2019abril, reguladora de les Bases de r\u00e8gim local. El lloc de treball es considera necessari per optimitzar les despeses i poder executar les peticions ciutadanes i a les necessitats del municipi.<\/p>\n<p><span style=\"text-decoration: underline;\">Les principals funcions d\u2019aquest lloc de treball s\u00f3n:<\/span><\/p>\n<p>Elaboraci\u00f3 completa de projectes t\u00e8cnics propis de l\u2019enginyeria municipal (mem\u00f2ria, pl\u00e0nols, amidaments, pressupost d\u2019estudi de seguretat i salut i plecs de condicions). Preparaci\u00f3 de documentaci\u00f3 per a l\u2019obtenci\u00f3 de subvencions. Organitzar, coordinar i supervisar treballs d\u2019obra p\u00fablica i d\u2019infraestructures de serveis: pavimentaci\u00f3, urbanitzaci\u00f3, aigua potable, clavegueram, telecomunicacions, enllumenat p\u00fablic, etc. Control de qualitat i econ\u00f2mic de les obres i Control de la Brigada Municipal. Emissi\u00f3 d\u2019informes preceptius per l\u2019atorgament de Llic\u00e8ncies d\u2019Activitats i obres i d\u2019instal\u00b7lacions. Manteniment i seguiment de l\u2019estat dels diversos elements de l\u2019espai p\u00fablic i de les instal\u00b7lacions de les depend\u00e8ncies municipals. Redacci\u00f3 d\u2019informes t\u00e8cnics diversos. Consums i estalvi energ\u00e8tic. Seguiment i control dels contractes de concessions municipals. Licitaci\u00f3 i contractaci\u00f3 d\u2019obres i serveis. Elaboraci\u00f3 de plecs de cl\u00e0usules t\u00e8cniques.<\/p>\n<p><span style=\"text-decoration: underline;\">Documentaci\u00f3 i ampliaci\u00f3 de la informaci\u00f3 sobre la convocat\u00f2ria:<\/span><\/p>\n<p>Per a m\u00e9s informaci\u00f3 sobre la convocat\u00f2ria podeu entrar a l\u2019enlla\u00e7: <a href=\"https:\/\/www.diputaciodetarragona.cat\/ebop\/index.php?op=dwn&amp;tipus=i&amp;data=20170508&amp;anyp=2017&amp;num=03462&amp;v=i\">https:\/\/www.diputaciodetarragona.cat\/ebop\/index.php?op=dwn&amp;tipus=i&amp;data=20170508&amp;anyp=2017&amp;num=03462&amp;v=i<\/a><\/p>\n<p>Podeu trobar el document de sol\u00b7licitud per emplenar al seg\u00fcent enlla\u00e7:\u00a0<a href=\"http:\/\/bisbalpenedes.com\/web\/wp-content\/uploads\/2017\/05\/convo_enginyer.pdf\" target=\"_blank\">http:\/\/bisbalpenedes.com\/web\/wp-content\/uploads\/2017\/05\/convo_enginyer.pdf<\/a><\/p>\n<p>Tamb\u00e9 us podeu adre\u00e7ar al <a href=\"http:\/\/bisbalpenedes.com\/web\/som-bisbal\/\">Servei d\u2019Ocupaci\u00f3 Municipal de La Bisbal<\/a> (SOM Bisbal) o a l\u2019Ajuntament de La Bisbal del Pened\u00e8s (carrer Major, 21 Tel\u00e8fon: <a title=\"Truca mitjan\u00e7ant Hangouts\" data-number=\"+34977688438\" data-pstn-out-call-url=\"\" data-rtid=\"ifEMrjTDVDx0\" data-ved=\"0ahUKEwib5-LW-YHUAhWNyRoKHd-5CkIQkAgIjwEoADAT\">977 68 84 38)\u00a0<\/a>.<\/p>\n","protected":false},"excerpt":{"rendered":"<p>L\u2019Ajuntament convoca un proc\u00e9s selectiu per una pla\u00e7a d\u2019enginyer t\u00e8cnic industrial. La Junta de Govern Local va aprovar el 6 d\u2019abril de 2017 les bases de la convocat\u00f2ria d\u2019un proc\u00e9s &hellip; <a href=\"https:\/\/bisbalpenedes.com\/web\/2017\/05\/19\/convocatoria-enginyer-municipal\/\" class=\"more-link\">Read More<\/a><\/p>\n","protected":false},"author":1,"featured_media":1898,"comment_status":"closed","ping_status":"closed","sticky":false,"template":"","format":"standard","meta":[],"categories":[9],"tags":[383,402,408,409,393,10,407],"_links":{"self":[{"href":"https:\/\/bisbalpenedes.com\/web\/wp-json\/wp\/v2\/posts\/2430"}],"collection":[{"href":"https:\/\/bisbalpenedes.com\/web\/wp-json\/wp\/v2\/posts"}],"about":[{"href":"https:\/\/bisbalpenedes.com\/web\/wp-json\/wp\/v2\/types\/post"}],"author":[{"embeddable":true,"href":"https:\/\/bisbalpenedes.com\/web\/wp-json\/wp\/v2\/users\/1"}],"replies":[{"embeddable":true,"href":"https:\/\/bisbalpenedes.com\/web\/wp-json\/wp\/v2\/comments?post=2430"}],"version-history":[{"count":5,"href":"https:\/\/bisbalpenedes.com\/web\/wp-json\/wp\/v2\/posts\/2430\/revisions"}],"predecessor-version":[{"id":2451,"href":"https:\/\/bisbalpenedes.com\/web\/wp-json\/wp\/v2\/posts\/2430\/revisions\/2451"}],"wp:featuredmedia":[{"embeddable":true,"href":"https:\/\/bisbalpenedes.com\/web\/wp-json\/wp\/v2\/media\/1898"}],"wp:attachment":[{"href":"https:\/\/bisbalpenedes.com\/web\/wp-json\/wp\/v2\/media?parent=2430"}],"wp:term":[{"taxonomy":"category","embeddable":true,"href":"https:\/\/bisbalpenedes.com\/web\/wp-json\/wp\/v2\/categories?post=2430"},{"taxonomy":"post_tag","embeddable":true,"href":"https:\/\/bisbalpenedes.com\/web\/wp-json\/wp\/v2\/tags?post=2430"}],"curies":[{"name":"wp","href":"https:\/\/api.w.org\/{rel}","templated":true}]}}