{"id":24289,"date":"2022-12-10T13:03:17","date_gmt":"2022-12-10T11:03:17","guid":{"rendered":"https:\/\/bisbalpenedes.com\/web\/?p=24289"},"modified":"2022-12-10T13:03:17","modified_gmt":"2022-12-10T11:03:17","slug":"lajuntament-reuneix-els-comercos-bisbalencs-amb-motiu-de-linici-de-la-campanya-troba-la-llum-del-nadal-%c2%b7-es-presenta-la-guia-comercial-de-la-bisbal-del-penedes-%c2%b7-la-regidoria-de-come","status":"publish","type":"post","link":"https:\/\/bisbalpenedes.com\/web\/2022\/12\/10\/lajuntament-reuneix-els-comercos-bisbalencs-amb-motiu-de-linici-de-la-campanya-troba-la-llum-del-nadal-%c2%b7-es-presenta-la-guia-comercial-de-la-bisbal-del-penedes-%c2%b7-la-regidoria-de-come\/","title":{"rendered":"L&#8217;Ajuntament reuneix els comer\u00e7os bisbalencs amb motiu de l&#8217;inici de la campanya &#8216;Troba la Llum del Nadal&#8217; \u00b7 Es presenta la guia comercial de la Bisbal del Pened\u00e8s \u00b7 La Regidoria de Comer\u00e7 li agraeix tots aquests anys de dedicaci\u00f3 a la Montserrat Bund\u00f3 de la Fruiteria Montserrat, que tanca per jubilaci\u00f3"},"content":{"rendered":"\n<p>L\u2019Ajuntament de la Bisbal del Pened\u00e8s ha reunit, aquest divendres 9 de desembre, els comerciants bisbalencs per entregar-los el material per a la campanya comercial \u201cTroba la Llum del Nadal\u201d, mostrar-los el v\u00eddeo promocional de la campanya -en qu\u00e8 s\u00f3n els protagonistes- i oferir-los un petit refrigeri amb vins i caves de Cellers Domenys i menjar del Bar la Riba. L\u2019acte va comptar amb la pres\u00e8ncia de la presidenta de la Cambra de Comer\u00e7 de Tarragona, Laura Roig\u00e9, aix\u00ed com diversos membres d\u2019aquesta organitzaci\u00f3.\u00a0<\/p>\n\n\n\n<p>L\u2019acte, a m\u00e9s, ha servit per presentar-los la guia comercial del municipi, que ja est\u00e0 disponible per consultar o descarregar en aquest enlla\u00e7: <a href=\"https:\/\/bisbalpenedes.com\/web\/wp-content\/uploads\/2022\/12\/Guia-Bisbal-def09-12-web.pdf\">https:\/\/bisbalpenedes.com\/web\/wp-content\/uploads\/2022\/12\/Guia-Bisbal-def09-12-web.pdf<\/a><\/p>\n\n\n\n<p>Durant l\u2019acte, la Montserrat Bund\u00f3 va rebre un obsequi per part de la Regidoria de Comer\u00e7 amb l\u2019objectiu d\u2019agrair-li la seva dedicaci\u00f3, ja que des d\u2019aquest dissabte la Fruiteria Montserrat estar\u00e0 tancada per jubilaci\u00f3.&nbsp;<\/p>\n\n\n\n<p>Els establiments comercials i de serveis de la Bisbal del Pened\u00e8s ja fa uns quants anys que s\u2019estan formant en eines de m\u00e0rqueting digital i que, juntament amb la Regidoria de Comer\u00e7 i la Cambra de Comer\u00e7 de Tarragona, participen en iniciatives que tenen la finalitat promoure el comer\u00e7 i els productors de proximitat.<\/p>\n\n\n\n<p>Us recordem que, del 10 al 18 de desembre, podeu participar en la campanya promocional \u2018Troba la Llum del Nadal\u2019. Podreu gaudir de promocions i descomptes als comer\u00e7os i obtenir diversos obsequis, aix\u00ed com participar en sortejos: <a href=\"https:\/\/bit.ly\/3UE3SWO\">https:\/\/bit.ly\/3UE3SWO<\/a><\/p>\n\n\n\n<hr class=\"wp-block-separator has-alpha-channel-opacity\"\/>\n\n\n\n<p>COMERCIO | El Ayuntamiento de la Bisbal del Pened\u00e8s ha reunido, este viernes 9 de diciembre, a los comerciantes de la Bisbal para entregarles el material para la campa\u00f1a comercial \u201cTroba la Llum del Nadal\u201d, mostrarles el v\u00eddeo promocional de la campa\u00f1a en el que son los protagonistas- y ofrecerles un peque\u00f1o refrigerio con vinos y cavas de Cellers Domenys y comida del Bar la Riba. El acto cont\u00f3 con la presencia de la presidenta de la C\u00e1mara de Comercio de Tarragona, Laura Roig\u00e9, as\u00ed como varios miembros de esta organizaci\u00f3n.<\/p>\n\n\n\n<p>El acto, adem\u00e1s, ha servido para presentarles la gu\u00eda comercial del municipio, que ya est\u00e1 disponible para consultar o descargar en este enlace: <a href=\"https:\/\/bisbalpenedes.com\/web\/wp-content\/uploads\/2022\/12\/Guia-Bisbal-def09-12-web.pdf\">https:\/\/bisbalpenedes.com\/web\/wp-content\/uploads\/2022\/12\/Guia-Bisbal-def09-12-web.pdf<\/a><\/p>\n\n\n\n<p>Durante el acto, Montserrat Bund\u00f3 recibi\u00f3 un obsequio por parte de la Concejal\u00eda de Comerci\u00f3 con el objetivo de agradecerle su dedicaci\u00f3n, ya que desde este s\u00e1bado la Fruiteria Montserrat estar\u00e1 cerrada por jubilaci\u00f3n.<\/p>\n\n\n\n<p>Los establecimientos comerciales y de servicios de la Bisbal del Pened\u00e8s ya hace unos cuantos a\u00f1os que se est\u00e1n formando en herramientas de marketing digital y que, junto con la Concejal\u00eda de Comercio y la C\u00e1mara de Comercio de Tarragona, participan en iniciativas que tienen la finalidad de promover el comercio y los productos de proximidad.<\/p>\n\n\n\n<p>Os recordamos que, del 10 al 18 de diciembre, pod\u00e9is participar en la campa\u00f1a promocional \u2018Troba la Llum del Nadal\u2019. Podr\u00e9is disfrutar de promociones y descuentos en los comercios y obtener varios obsequios, as\u00ed como participar en sorteos: <a href=\"https:\/\/bit.ly\/3UE3SWO\">https:\/\/bit.ly\/3UE3SWO<\/a><\/p>\n\n\n\n<figure class=\"wp-block-image size-large\"><img loading=\"lazy\" width=\"1024\" height=\"1024\" src=\"https:\/\/bisbalpenedes.com\/web\/wp-content\/uploads\/2022\/12\/BB270183-43DF-4E51-A565-93BE97FA7966-1024x1024.jpg\" alt=\"\" class=\"wp-image-24293\" srcset=\"https:\/\/bisbalpenedes.com\/web\/wp-content\/uploads\/2022\/12\/BB270183-43DF-4E51-A565-93BE97FA7966-1024x1024.jpg 1024w, https:\/\/bisbalpenedes.com\/web\/wp-content\/uploads\/2022\/12\/BB270183-43DF-4E51-A565-93BE97FA7966-300x300.jpg 300w, https:\/\/bisbalpenedes.com\/web\/wp-content\/uploads\/2022\/12\/BB270183-43DF-4E51-A565-93BE97FA7966-150x150.jpg 150w, https:\/\/bisbalpenedes.com\/web\/wp-content\/uploads\/2022\/12\/BB270183-43DF-4E51-A565-93BE97FA7966-768x768.jpg 768w, https:\/\/bisbalpenedes.com\/web\/wp-content\/uploads\/2022\/12\/BB270183-43DF-4E51-A565-93BE97FA7966-600x600.jpg 600w, https:\/\/bisbalpenedes.com\/web\/wp-content\/uploads\/2022\/12\/BB270183-43DF-4E51-A565-93BE97FA7966-100x100.jpg 100w, https:\/\/bisbalpenedes.com\/web\/wp-content\/uploads\/2022\/12\/BB270183-43DF-4E51-A565-93BE97FA7966.jpg 1440w\" sizes=\"(max-width: 1024px) 100vw, 1024px\" \/><\/figure>\n\n\n\n<figure class=\"wp-block-image size-large\"><img loading=\"lazy\" width=\"1024\" height=\"1024\" src=\"https:\/\/bisbalpenedes.com\/web\/wp-content\/uploads\/2022\/12\/00248AAE-4DF6-4241-97C8-AC8AE3A7EE96-1024x1024.jpg\" alt=\"\" class=\"wp-image-24291\" srcset=\"https:\/\/bisbalpenedes.com\/web\/wp-content\/uploads\/2022\/12\/00248AAE-4DF6-4241-97C8-AC8AE3A7EE96-1024x1024.jpg 1024w, https:\/\/bisbalpenedes.com\/web\/wp-content\/uploads\/2022\/12\/00248AAE-4DF6-4241-97C8-AC8AE3A7EE96-300x300.jpg 300w, https:\/\/bisbalpenedes.com\/web\/wp-content\/uploads\/2022\/12\/00248AAE-4DF6-4241-97C8-AC8AE3A7EE96-150x150.jpg 150w, https:\/\/bisbalpenedes.com\/web\/wp-content\/uploads\/2022\/12\/00248AAE-4DF6-4241-97C8-AC8AE3A7EE96-768x768.jpg 768w, https:\/\/bisbalpenedes.com\/web\/wp-content\/uploads\/2022\/12\/00248AAE-4DF6-4241-97C8-AC8AE3A7EE96-600x600.jpg 600w, https:\/\/bisbalpenedes.com\/web\/wp-content\/uploads\/2022\/12\/00248AAE-4DF6-4241-97C8-AC8AE3A7EE96-100x100.jpg 100w, https:\/\/bisbalpenedes.com\/web\/wp-content\/uploads\/2022\/12\/00248AAE-4DF6-4241-97C8-AC8AE3A7EE96.jpg 1440w\" sizes=\"(max-width: 1024px) 100vw, 1024px\" \/><\/figure>\n\n\n\n<figure class=\"wp-block-image\"><img alt=\"\"\/><\/figure>\n","protected":false},"excerpt":{"rendered":"<p>L\u2019Ajuntament de la Bisbal del Pened\u00e8s ha reunit, aquest divendres 9 de desembre, els comerciants bisbalencs per entregar-los el material per a la campanya comercial \u201cTroba la Llum del Nadal\u201d, &hellip; <a href=\"https:\/\/bisbalpenedes.com\/web\/2022\/12\/10\/lajuntament-reuneix-els-comercos-bisbalencs-amb-motiu-de-linici-de-la-campanya-troba-la-llum-del-nadal-%c2%b7-es-presenta-la-guia-comercial-de-la-bisbal-del-penedes-%c2%b7-la-regidoria-de-come\/\" class=\"more-link\">Read More<\/a><\/p>\n","protected":false},"author":4,"featured_media":24290,"comment_status":"closed","ping_status":"closed","sticky":false,"template":"","format":"standard","meta":[],"categories":[3126,3860,8],"tags":[459,4194,1491,419,5661,4204,393,1374,999,5660],"_links":{"self":[{"href":"https:\/\/bisbalpenedes.com\/web\/wp-json\/wp\/v2\/posts\/24289"}],"collection":[{"href":"https:\/\/bisbalpenedes.com\/web\/wp-json\/wp\/v2\/posts"}],"about":[{"href":"https:\/\/bisbalpenedes.com\/web\/wp-json\/wp\/v2\/types\/post"}],"author":[{"embeddable":true,"href":"https:\/\/bisbalpenedes.com\/web\/wp-json\/wp\/v2\/users\/4"}],"replies":[{"embeddable":true,"href":"https:\/\/bisbalpenedes.com\/web\/wp-json\/wp\/v2\/comments?post=24289"}],"version-history":[{"count":1,"href":"https:\/\/bisbalpenedes.com\/web\/wp-json\/wp\/v2\/posts\/24289\/revisions"}],"predecessor-version":[{"id":24294,"href":"https:\/\/bisbalpenedes.com\/web\/wp-json\/wp\/v2\/posts\/24289\/revisions\/24294"}],"wp:featuredmedia":[{"embeddable":true,"href":"https:\/\/bisbalpenedes.com\/web\/wp-json\/wp\/v2\/media\/24290"}],"wp:attachment":[{"href":"https:\/\/bisbalpenedes.com\/web\/wp-json\/wp\/v2\/media?parent=24289"}],"wp:term":[{"taxonomy":"category","embeddable":true,"href":"https:\/\/bisbalpenedes.com\/web\/wp-json\/wp\/v2\/categories?post=24289"},{"taxonomy":"post_tag","embeddable":true,"href":"https:\/\/bisbalpenedes.com\/web\/wp-json\/wp\/v2\/tags?post=24289"}],"curies":[{"name":"wp","href":"https:\/\/api.w.org\/{rel}","templated":true}]}}