{"id":24283,"date":"2022-12-10T12:06:22","date_gmt":"2022-12-10T10:06:22","guid":{"rendered":"https:\/\/bisbalpenedes.com\/web\/?p=24283"},"modified":"2022-12-10T12:09:04","modified_gmt":"2022-12-10T10:09:04","slug":"troba-la-llum-del-nadal-comprar-al-comerc-bisbalenc-del-10-al-18-de-desembre-te-premi","status":"publish","type":"post","link":"https:\/\/bisbalpenedes.com\/web\/2022\/12\/10\/troba-la-llum-del-nadal-comprar-al-comerc-bisbalenc-del-10-al-18-de-desembre-te-premi\/","title":{"rendered":"Troba la Llum del Nadal! Comprar al comer\u00e7 bisbalenc del 10 al 18 de desembre t\u00e9 premi"},"content":{"rendered":"\n<p>Comprar al comer\u00e7 bisbalenc t\u00e9 premi!<\/p>\n\n\n\n<p>Els carrers i els comer\u00e7os de la Bisbal del Pened\u00e8s es tornen a omplir de m\u00e0gia, aquest desembre.\u00a0<\/p>\n\n\n\n<p>Fes les teves compres a la Bisbal del Pened\u00e8s entre el 10 i el 18 de desembre i\u2026<\/p>\n\n\n\n<ul><li>Aconsegueix els guarniments de cer\u00e0mica que ha fet l\u2019artesana bisbalenca \u00c0ngela Saumoy<\/li><li>Fes-te amb el Llum del Nadal que, enguany, \u00e9s una espelma<\/li><li>Participa en el sorteig de 3 lots de productes bisbalencs<\/li><\/ul>\n\n\n\n<p>\u00c9s molt f\u00e0cil participar en la campanya:&nbsp;<\/p>\n\n\n\n<ul><li>Pas 1: comprar al comer\u00e7 bisbalenc.<\/li><li>Pas 2: segellar la butlleta que podeu obtenir als mateixos comer\u00e7os.<\/li><li>Pas 3: aconseguir la figureta de cer\u00e0mica al comer\u00e7 on poseu el 5\u00e8 segell.<\/li><li>Pas 4: anar a l\u2019Ajuntament a portar la butlleta per aconseguir el Llum del Nadal i entrar al sorteig.<\/li><\/ul>\n\n\n\n<p>I Recordeu que podeu penjar les vostres fotos als comer\u00e7os o celebrant les festes de Nadal amb els productes de la Bisbal o amb el llum de Nadal amb l\u2019etiqueta <strong>#JoComproALaBisbal.<\/strong><\/p>\n\n\n\n<hr class=\"wp-block-separator has-alpha-channel-opacity\"\/>\n\n\n\n<p>\u00a1Comprar en el comercio de la Bisbal tiene premio!<\/p>\n\n\n\n<p>Las calles y los comercios de la Bisbal del Pened\u00e8s vuelven a llenarse de magia, este diciembre.<\/p>\n\n\n\n<p>Haz tus compras en la Bisbal del Pened\u00e8s entre el 10 y el 18 de diciembre y\u2026<\/p>\n\n\n\n<ul><li>Consigue las decoraciones de cer\u00e1mica que ha hecho la artesana de la Bisbal \u00c0ngela Saumoy<\/li><\/ul>\n\n\n\n<ul><li>Hazte con la Luz de la Navidad que, este a\u00f1o, es una vela<\/li><\/ul>\n\n\n\n<ul><li>Participa en el sorteo de 3 lotes de productos bisbalencs<\/li><\/ul>\n\n\n\n<p>Es muy f\u00e1cil participar en la campa\u00f1a:<\/p>\n\n\n\n<ul><li>Paso 1: comprar en el comercio de la Bisbal<\/li><li>Paso 2: sellar la tarjeta que pod\u00e9is obtener en los mismos comercios.<\/li><li>Paso 3: conseguir la figurita de cer\u00e1mica en el comercio en el que pong\u00e1is el 5\u00ba sello.<\/li><li>Paso 4: ir al Ayuntamiento a llevar la tarjeta para conseguir la Luz de la Navidad y entrar en el sorteo.<\/li><\/ul>\n\n\n\n<p>Y recordad que pod\u00e9is colgar vuestras fotos en los comercios o celebrando las fiestas de Navidad con los productos de la Bisbal o con la luz de Navidad con la etiqueta <strong>#JoComproALaBisbal.<\/strong><\/p>\n","protected":false},"excerpt":{"rendered":"<p>Comprar al comer\u00e7 bisbalenc t\u00e9 premi! Els carrers i els comer\u00e7os de la Bisbal del Pened\u00e8s es tornen a omplir de m\u00e0gia, aquest desembre.\u00a0 Fes les teves compres a la &hellip; <a href=\"https:\/\/bisbalpenedes.com\/web\/2022\/12\/10\/troba-la-llum-del-nadal-comprar-al-comerc-bisbalenc-del-10-al-18-de-desembre-te-premi\/\" class=\"more-link\">Read More<\/a><\/p>\n","protected":false},"author":4,"featured_media":24285,"comment_status":"closed","ping_status":"closed","sticky":false,"template":"","format":"standard","meta":[],"categories":[3860,8],"tags":[459,329,4194,1491,4204,393,1374,1085],"_links":{"self":[{"href":"https:\/\/bisbalpenedes.com\/web\/wp-json\/wp\/v2\/posts\/24283"}],"collection":[{"href":"https:\/\/bisbalpenedes.com\/web\/wp-json\/wp\/v2\/posts"}],"about":[{"href":"https:\/\/bisbalpenedes.com\/web\/wp-json\/wp\/v2\/types\/post"}],"author":[{"embeddable":true,"href":"https:\/\/bisbalpenedes.com\/web\/wp-json\/wp\/v2\/users\/4"}],"replies":[{"embeddable":true,"href":"https:\/\/bisbalpenedes.com\/web\/wp-json\/wp\/v2\/comments?post=24283"}],"version-history":[{"count":2,"href":"https:\/\/bisbalpenedes.com\/web\/wp-json\/wp\/v2\/posts\/24283\/revisions"}],"predecessor-version":[{"id":24287,"href":"https:\/\/bisbalpenedes.com\/web\/wp-json\/wp\/v2\/posts\/24283\/revisions\/24287"}],"wp:featuredmedia":[{"embeddable":true,"href":"https:\/\/bisbalpenedes.com\/web\/wp-json\/wp\/v2\/media\/24285"}],"wp:attachment":[{"href":"https:\/\/bisbalpenedes.com\/web\/wp-json\/wp\/v2\/media?parent=24283"}],"wp:term":[{"taxonomy":"category","embeddable":true,"href":"https:\/\/bisbalpenedes.com\/web\/wp-json\/wp\/v2\/categories?post=24283"},{"taxonomy":"post_tag","embeddable":true,"href":"https:\/\/bisbalpenedes.com\/web\/wp-json\/wp\/v2\/tags?post=24283"}],"curies":[{"name":"wp","href":"https:\/\/api.w.org\/{rel}","templated":true}]}}