{"id":24268,"date":"2022-12-07T20:51:31","date_gmt":"2022-12-07T18:51:31","guid":{"rendered":"https:\/\/bisbalpenedes.com\/web\/?p=24268"},"modified":"2022-12-07T21:06:50","modified_gmt":"2022-12-07T19:06:50","slug":"lajuntament-de-la-bisbal-del-penedes-tira-endavant-un-any-es-la-campanya-comercial-troba-la-llum-del-nadal-a-partir-de-la-setmana-vinent-tambe-posara-a-disposicio-de-la-ciutadania-una-guia-com","status":"publish","type":"post","link":"https:\/\/bisbalpenedes.com\/web\/2022\/12\/07\/lajuntament-de-la-bisbal-del-penedes-tira-endavant-un-any-es-la-campanya-comercial-troba-la-llum-del-nadal-a-partir-de-la-setmana-vinent-tambe-posara-a-disposicio-de-la-ciutadania-una-guia-com\/","title":{"rendered":"El 10 de desembre comen\u00e7a la campanya comercial &#8216;Troba la Llum del Nadal&#8217; &#8211; A partir de la setmana vinent tamb\u00e9 posar\u00e0 a disposici\u00f3 de la ciutadania una guia comercial del municipi"},"content":{"rendered":"\n<p>L&#8217;Ajuntament de la Bisbal del Pened\u00e8s i la Cambra de Comer\u00e7 de Tarragona duen a terme, un any m\u00e9s, una campanya per dinamitzar i donar visibilitat al teixit comercial abans de les festes nadalenques, entre el dissabte 10 i el diumenge 18 de desembre. Es tracta d&#8217;una campanya que premiar\u00e0 la fidelitat dels ve\u00efns i les ve\u00efnes que comprin a la Bisbal amb obsequis, promocions i amb la participaci\u00f3 en un sorteig de lots de productes bisbalencs. La iniciativa compta amb la participaci\u00f3 de m\u00e9s de vint comer\u00e7os i empreses de serveis de la Bisbal del Pened\u00e8s que duran a terme accions presencials i tamb\u00e9 iniciatives a trav\u00e9s d&#8217;Instagram. Per aquest motiu, durant les darreres setmanes els comerciants bisbalencs han participat en una formaci\u00f3 centrada en l&#8217;\u00fas d&#8217;Instagram.<\/p>\n\n\n\n<p><strong>FUNCIONAMENT DE LA CAMPANYA<\/strong><\/p>\n\n\n\n<p>El funcionament de la campanya ser\u00e0 el seg\u00fcent: els clients que adquireixin serveis o vagin a comprar als comer\u00e7os bisbalencs, podran anar omplint una butlleta amb els segells de les botigues. Quan tinguin el segell de cinc establiments diferents, el darrer botiguer en posar el segell obsequiar\u00e0 aquell client amb un guarniment per a l&#8217;arbre de Nadal fet artesanalment per la ceramista bisbalenca \u00c0ngela Saumoy. A m\u00e9s, el client es podr\u00e0 adre\u00e7ar a l&#8217;Ajuntament amb la butlleta emplenada per rebre la Llum del Nadal -enguany en format d&#8217;espelma- i participar en el sorteig de tres lots de productes bisbalencs.<\/p>\n\n\n\n<p>Quant a Instagram, els comer\u00e7os i empreses de serveis que participen en la campanya ja han comen\u00e7at a mostrar els seus productes, serveis, ofertes i promocions a trav\u00e9s de la xarxa social. La campanya es vehicula a trav\u00e9s de l&#8217;etiqueta #JoComproALaBisbal i els clients poden utilitzar aquest mateix <em>hashtag<\/em> per publicar fotografies amb productes bisbalencs o relacionades amb la campanya comercial i Nadal.<\/p>\n\n\n\n<p>La presidenta de la Cambra de Comer\u00e7 de Tarragona, Laura Roig\u00e9, considera que <em>&#8220;el comer\u00e7 de proximitat t\u00e9 poc marge per reinventar-se davant les noves tend\u00e8ncies de compra dels consumidors. Els comer\u00e7os, els bars, els restaurants i els establiments de servei donen continu\u00eftat a la campanya de Nadal amb promocions, formant-se en xarxes socials, promovent din\u00e0miques socials, etc. Aquest esfor\u00e7 de treball i de continuar donant servei a la Bisbal i als pobles de la contornada \u00e9s un exemple demostratiu de superaci\u00f3 per a moltes altres petites poblacions&#8221;.<\/em><\/p>\n\n\n\n<p>La regidora de Comer\u00e7, Judith Vidal, ha explicat que com a regidora de Comer\u00e7 se sent orgullosa de poder engegar, un any m\u00e9s, la campanya &#8216;Troba la Llum del Nadal&#8217;. <em>&#8220;La Bisbal \u00e9s un poble ple de llum, ple de comer\u00e7os fant\u00e0stics -i que espera rebre&#8217;ns molt m\u00e9s aviat- i esperem que la campanya torni a ser un \u00e8xit&#8221;.<\/em> La regidora us anima a participar: <em>&#8220;vine a comprar a la Bisbal, busca la teva llum i recull el regalet que ha fet amb tot l&#8217;amor del m\u00f3n i especialment per a la campanya, l&#8217;artista bisbalenca \u00c0ngela Saumoy, vine a l&#8217;Ajuntament amb el teu cartr\u00f3 ple amb els segells dels establiments i guanya una llum de Nadal i participa en un sorteig per guanyar un lot de productes bisbalencs. Viu la Bisbal, &#8216;a tope&#8217;, som un poble ple de llum, troba la teva!&#8221;.<\/em><\/p>\n\n\n\n<p><strong>GUIA COMERCIAL<\/strong><\/p>\n\n\n\n<p>Coincidint amb la campanya comercial, la Regidoria de Comer\u00e7 i la Cambra de Comer\u00e7 de Tarragona han editat una guia comercial del municipi. Aquesta es podr\u00e0 consultar a partir de la setmana vinent al web <a href=\"http:\/\/www.bisbalpenedes.com\/\">www.bisbalpenedes.com<\/a> i cont\u00e9 la informaci\u00f3 sobre els diferents establiments bisbalencs (comer\u00e7os i serveis): horaris, productes i serveis, especialitats, tel\u00e8fon de contacte, adre\u00e7a de correu electr\u00f2nic, web, adre\u00e7a postal, etc.<\/p>\n\n\n\n<hr class=\"wp-block-separator has-alpha-channel-opacity\"\/>\n\n\n\n<p><strong>CASTELLANO |<\/strong> El Ayuntamiento de la Bisbal del Pened\u00e8s y la C\u00e1mara de Comercio de Tarragona llevan a cabo, un a\u00f1o m\u00e1s, la campa\u00f1a para dinamizar y dar visibilidad al tejido comercial antes de las fiestas navide\u00f1as, entre el s\u00e1bado 10 y el domingo 18 de diciembre. Se trata de una campa\u00f1a que premiar\u00e1 la fidelidad de los vecinos y vecinas que compren en la Bisbal con obsequios, promociones y con la participaci\u00f3n en un sorteo de lotes de productos de la Bisbal. La iniciativa cuenta con la participaci\u00f3n de m\u00e1s de veinte comercios y empresas de servicios de la Bisbal del Pened\u00e8s que llevar\u00e1n a cabo acciones presenciales y tambi\u00e9n iniciativas a trav\u00e9s de Instagram. Por este motivo, durante las \u00faltimas semanas los comerciantes del municipio han participado en una formaci\u00f3n centrada en el uso de Instagram.<\/p>\n\n\n\n<p><strong>FUNCIONAMIENTO DE LA CAMPA\u00d1A<\/strong><\/p>\n\n\n\n<p>El funcionamiento de la campa\u00f1a ser\u00e1 el siguiente: los clientes que adquieran servicios o vayan a comprar a los comercios de la Bisbal, podr\u00e1n ir rellenando una tarjeta con los sellos de las tiendas. Cuando tengan el sello de cinco establecimientos distintos, el \u00faltimo tendero en poner el sello obsequiar\u00e1 al cliente con un adorno para el \u00e1rbol de Navidad hecho de forma artesana por la ceramista <em>bisbalenca<\/em> \u00c0ngela Saumoy. Adem\u00e1s, el cliente se podr\u00e1 dirigir al Ayuntamiento con la tarjeta completada para recibir la <em>Llum del Nadal<\/em> -este a\u00f1o en formato de vela- y participar en el sorteo de tres lotes de productos de la Bisbal.<\/p>\n\n\n\n<p>En cuanto a Instagram, los comercios y empresas de servicios que participan en la campa\u00f1a ya han empezado a mostrar sus productos, servicios, ofertas y promociones a trav\u00e9s de la red social. La campa\u00f1a se vehicula a trav\u00e9s de la etiqueta #JoComproAlaBisbal y los clientes pueden utilizar este mismo hashtag para publicar fotograf\u00edas con productos de la Bisbal o relacionadas con la campa\u00f1a comercial y la Navidad.<\/p>\n\n\n\n<p>La presidenta de la C\u00e1mara de Comercio de Tarragona, Laura Roig\u00e9, considera que &#8220;el comercio de proximidad tiene poco margen para reinventarse ante las nuevas tendencias de compra de los consumidores. Los comercios, los bares, los restaurantes y los establecimientos de servicio dan continuidad a la campa\u00f1a de Navidad con promociones, form\u00e1ndose en redes sociales, promoviendo din\u00e1micas sociales, etc. Este esfuerzo de trabajo y de continuar dando servicio a la Bisbal y a los pueblos de los alrededores es un ejemplo demostrativo de superaci\u00f3n para muchas otras peque\u00f1as poblaciones&#8221;.<\/p>\n\n\n\n<p>La concejala de Comercio, Judith Vidal, ha explicado que como regidora de Comercio se siente orgullosa de poder iniciar, un a\u00f1o m\u00e1s, la campa\u00f1a &#8216;Troba la Llum del Nadal&#8217;. &#8220;La Bisbal es un pueblo lleno de luz, lleno de comercios fant\u00e1sticos -y que espera recibir pronto a muchos m\u00e1s- y esperamos que la campa\u00f1a vuelva a ser un \u00e9xito&#8221;. La concejala os anima a participar: &#8220;ven a comprar a la Bisbal, busca tu luz y recoge el regalito que ha hecho con todo el amor del mundo y especialmente para la campa\u00f1a, la artista de la Bisbal \u00c0ngela Saumoy, ven al Ayuntamiento con tu tarjeta llena con los sellos de los establecimientos y gana una luz de Navidad y participa en un sorteo para ganar un lote de productos de la Bisbal. Vive la Bisbal, &#8216;a tope&#8217;, somos un pueblo lleno de luz, \u00a1Encuentra la tuya!&#8221;.<\/p>\n\n\n\n<p><strong>GU\u00cdA COMERCIAL<\/strong><\/p>\n\n\n\n<p>Coincidiendo con la campa\u00f1a comercial, la Concejal\u00eda de Comercio y la C\u00e1mara de Comercio de Tarragona han editado una gu\u00eda comercial del municipio. Esta se podr\u00e1 consultar a partir de la semana que viene en la web www.bisbalpenedes.com y contiene la informaci\u00f3n sobre los distintos establecimientos de la Bisbal (comercios y servicios): horarios, productos y servicios, especialidades, tel\u00e9fono de contacto, direcci\u00f3n de correo electr\u00f3nico, web, direcci\u00f3n postal, etc.<\/p>\n","protected":false},"excerpt":{"rendered":"<p>L&#8217;Ajuntament de la Bisbal del Pened\u00e8s i la Cambra de Comer\u00e7 de Tarragona duen a terme, un any m\u00e9s, una campanya per dinamitzar i donar visibilitat al teixit comercial abans &hellip; <a href=\"https:\/\/bisbalpenedes.com\/web\/2022\/12\/07\/lajuntament-de-la-bisbal-del-penedes-tira-endavant-un-any-es-la-campanya-comercial-troba-la-llum-del-nadal-a-partir-de-la-setmana-vinent-tambe-posara-a-disposicio-de-la-ciutadania-una-guia-com\/\" class=\"more-link\">Read More<\/a><\/p>\n","protected":false},"author":4,"featured_media":24270,"comment_status":"closed","ping_status":"closed","sticky":false,"template":"","format":"standard","meta":[],"categories":[8],"tags":[459,438,329,419,4204,393,95,4963,999,4245],"_links":{"self":[{"href":"https:\/\/bisbalpenedes.com\/web\/wp-json\/wp\/v2\/posts\/24268"}],"collection":[{"href":"https:\/\/bisbalpenedes.com\/web\/wp-json\/wp\/v2\/posts"}],"about":[{"href":"https:\/\/bisbalpenedes.com\/web\/wp-json\/wp\/v2\/types\/post"}],"author":[{"embeddable":true,"href":"https:\/\/bisbalpenedes.com\/web\/wp-json\/wp\/v2\/users\/4"}],"replies":[{"embeddable":true,"href":"https:\/\/bisbalpenedes.com\/web\/wp-json\/wp\/v2\/comments?post=24268"}],"version-history":[{"count":6,"href":"https:\/\/bisbalpenedes.com\/web\/wp-json\/wp\/v2\/posts\/24268\/revisions"}],"predecessor-version":[{"id":24276,"href":"https:\/\/bisbalpenedes.com\/web\/wp-json\/wp\/v2\/posts\/24268\/revisions\/24276"}],"wp:featuredmedia":[{"embeddable":true,"href":"https:\/\/bisbalpenedes.com\/web\/wp-json\/wp\/v2\/media\/24270"}],"wp:attachment":[{"href":"https:\/\/bisbalpenedes.com\/web\/wp-json\/wp\/v2\/media?parent=24268"}],"wp:term":[{"taxonomy":"category","embeddable":true,"href":"https:\/\/bisbalpenedes.com\/web\/wp-json\/wp\/v2\/categories?post=24268"},{"taxonomy":"post_tag","embeddable":true,"href":"https:\/\/bisbalpenedes.com\/web\/wp-json\/wp\/v2\/tags?post=24268"}],"curies":[{"name":"wp","href":"https:\/\/api.w.org\/{rel}","templated":true}]}}