{"id":24264,"date":"2022-12-07T19:22:40","date_gmt":"2022-12-07T17:22:40","guid":{"rendered":"https:\/\/bisbalpenedes.com\/web\/?p=24264"},"modified":"2022-12-07T19:22:40","modified_gmt":"2022-12-07T17:22:40","slug":"les-5-persones-candidates-a-ocupar-els-llocs-de-feina-de-la-brigada-han-pres-possessio-de-les-places","status":"publish","type":"post","link":"https:\/\/bisbalpenedes.com\/web\/2022\/12\/07\/les-5-persones-candidates-a-ocupar-els-llocs-de-feina-de-la-brigada-han-pres-possessio-de-les-places\/","title":{"rendered":"Les 5 persones candidates a ocupar els llocs de feina de la brigada han pres possessi\u00f3 de les places"},"content":{"rendered":"\n<p>Les cinc persones candidates per a ocupar les places de la brigada municipal han pres possessi\u00f3 de la seva pla\u00e7a aquest mes de novembre. S\u00f3n la Montse Rodr\u00edguez, el Vicen\u00e7 Bru, el Dario Blanco, el Lu\u00eds G\u00f3mez i l\u2019\u00d3scar Mart\u00ednez. Tots cinc ja treballaven a la brigada i continuen perqu\u00e8 han guanyat les places per concurs de m\u00e8rits.<\/p>\n\n\n\n<hr class=\"wp-block-separator has-alpha-channel-opacity\"\/>\n\n\n\n<p>Las cinco personas candidatas para ocupar las plazas de la brigada municipal han tomado posesi\u00f3n de su plaza este mes de noviembre. Son Montse Rodr\u00edguez, Vicen\u00e7 Bru, Dar\u00edo Blanco, Lu\u00eds G\u00f3mez y \u00d3scar Mart\u00ednez. Los cinco ya trabajaban en la brigada y contin\u00faan porque han ganado las plazas por concurso de m\u00e9ritos.<\/p>\n","protected":false},"excerpt":{"rendered":"<p>Les cinc persones candidates per a ocupar les places de la brigada municipal han pres possessi\u00f3 de la seva pla\u00e7a aquest mes de novembre. S\u00f3n la Montse Rodr\u00edguez, el Vicen\u00e7 &hellip; <a href=\"https:\/\/bisbalpenedes.com\/web\/2022\/12\/07\/les-5-persones-candidates-a-ocupar-els-llocs-de-feina-de-la-brigada-han-pres-possessio-de-les-places\/\" class=\"more-link\">Read More<\/a><\/p>\n","protected":false},"author":4,"featured_media":24265,"comment_status":"closed","ping_status":"closed","sticky":false,"template":"","format":"standard","meta":[],"categories":[2402,8],"tags":[459,2462,393,1374],"_links":{"self":[{"href":"https:\/\/bisbalpenedes.com\/web\/wp-json\/wp\/v2\/posts\/24264"}],"collection":[{"href":"https:\/\/bisbalpenedes.com\/web\/wp-json\/wp\/v2\/posts"}],"about":[{"href":"https:\/\/bisbalpenedes.com\/web\/wp-json\/wp\/v2\/types\/post"}],"author":[{"embeddable":true,"href":"https:\/\/bisbalpenedes.com\/web\/wp-json\/wp\/v2\/users\/4"}],"replies":[{"embeddable":true,"href":"https:\/\/bisbalpenedes.com\/web\/wp-json\/wp\/v2\/comments?post=24264"}],"version-history":[{"count":1,"href":"https:\/\/bisbalpenedes.com\/web\/wp-json\/wp\/v2\/posts\/24264\/revisions"}],"predecessor-version":[{"id":24266,"href":"https:\/\/bisbalpenedes.com\/web\/wp-json\/wp\/v2\/posts\/24264\/revisions\/24266"}],"wp:featuredmedia":[{"embeddable":true,"href":"https:\/\/bisbalpenedes.com\/web\/wp-json\/wp\/v2\/media\/24265"}],"wp:attachment":[{"href":"https:\/\/bisbalpenedes.com\/web\/wp-json\/wp\/v2\/media?parent=24264"}],"wp:term":[{"taxonomy":"category","embeddable":true,"href":"https:\/\/bisbalpenedes.com\/web\/wp-json\/wp\/v2\/categories?post=24264"},{"taxonomy":"post_tag","embeddable":true,"href":"https:\/\/bisbalpenedes.com\/web\/wp-json\/wp\/v2\/tags?post=24264"}],"curies":[{"name":"wp","href":"https:\/\/api.w.org\/{rel}","templated":true}]}}