{"id":2425,"date":"2017-05-16T12:01:57","date_gmt":"2017-05-16T06:01:57","guid":{"rendered":"http:\/\/bisbalpenedes.com\/web\/?p=2425"},"modified":"2017-05-16T12:01:57","modified_gmt":"2017-05-16T06:01:57","slug":"del-22-de-maig-al-6-de-juny-es-podran-fer-les-inscripcions-per-al-casal-destiu-star-stiu-de-la-ballaruga","status":"publish","type":"post","link":"https:\/\/bisbalpenedes.com\/web\/2017\/05\/16\/del-22-de-maig-al-6-de-juny-es-podran-fer-les-inscripcions-per-al-casal-destiu-star-stiu-de-la-ballaruga\/","title":{"rendered":"Del 22 de maig al 6 de juny es podran fer les inscripcions per al Casal d\u2019Estiu \u2018Star Stiu\u2019 de La Ballaruga"},"content":{"rendered":"<p><a href=\"http:\/\/bisbalpenedes.com\/web\/wp-content\/uploads\/2017\/05\/CASTAL_ESTIU_17_TOCHS.jpg\"><img loading=\"lazy\" class=\"aligncenter size-medium wp-image-2426\" title=\"CASTAL_ESTIU_17_TOCHS\" src=\"http:\/\/bisbalpenedes.com\/web\/wp-content\/uploads\/2017\/05\/CASTAL_ESTIU_17_TOCHS-212x300.jpg\" alt=\"\" width=\"212\" height=\"300\" srcset=\"https:\/\/bisbalpenedes.com\/web\/wp-content\/uploads\/2017\/05\/CASTAL_ESTIU_17_TOCHS-212x300.jpg 212w, https:\/\/bisbalpenedes.com\/web\/wp-content\/uploads\/2017\/05\/CASTAL_ESTIU_17_TOCHS-600x849.jpg 600w, https:\/\/bisbalpenedes.com\/web\/wp-content\/uploads\/2017\/05\/CASTAL_ESTIU_17_TOCHS-723x1024.jpg 723w, https:\/\/bisbalpenedes.com\/web\/wp-content\/uploads\/2017\/05\/CASTAL_ESTIU_17_TOCHS-scaled.jpg 1810w\" sizes=\"(max-width: 212px) 100vw, 212px\" \/><\/a><\/p>\n<p>La Regidoria de Lleure de l\u2019Ajuntament de La Bisbal del Pened\u00e8s informa que el dia 22 de maig s\u2019obriran les inscripcions per al Casal d\u2019Estiu \u2018Star Stiu\u2019, per a nens i nenes de 3 a 9 anys, i pel Casal Jove, per a joves a partir de 10 anys. Les activitats, que seran impartides per La Ballaruga, inclouran activitats relacionades amb la llengua, els paisatges, l\u2019alimentaci\u00f3 i els personatges de la saga Star Wars, entre altres.<\/p>\n<p>Els horaris del Casal d\u2019Estiu, que es dur\u00e0 a terme a l\u2019escola nova, seran els seg\u00fcents:<\/p>\n<p>-Acollida: de 7.45h a 9.00h.<\/p>\n<p>-Casal de 9.00h a 13.30h i de 15.00h a 18.00h.<\/p>\n<p>-Menjador amb carmanyola de 13.30h a 15.00h.<\/p>\n<p>Val a dir que els serveis d\u2019acollida, menjador i tarda es faran si hi ha un m\u00ednim de 8 nens inscrits.<\/p>\n<p>Els preus d\u2019enguany s\u00f3n:<\/p>\n<p>-Casal de 9.00h a 13.30h: 35\u20ac la setmana o 60\u20ac la quinzena.<\/p>\n<p>-Acollida\/menjador: 4\u20ac\/dia, la setmana 15\u20ac i la quinzena 60\u20ac.<\/p>\n<p>-Casal mat\u00ed i tarda 50\u20ac la setmana o 90\u20ac la quinzena.<\/p>\n<p>Aquest divendres 19 de maig a les 19.30h a l\u2019auditori del CMC s\u2019oferir\u00e0 una reuni\u00f3 informativa adre\u00e7ada a pares, mares o tutors.<\/p>\n","protected":false},"excerpt":{"rendered":"<p>La Regidoria de Lleure de l\u2019Ajuntament de La Bisbal del Pened\u00e8s informa que el dia 22 de maig s\u2019obriran les inscripcions per al Casal d\u2019Estiu \u2018Star Stiu\u2019, per a nens &hellip; <a href=\"https:\/\/bisbalpenedes.com\/web\/2017\/05\/16\/del-22-de-maig-al-6-de-juny-es-podran-fer-les-inscripcions-per-al-casal-destiu-star-stiu-de-la-ballaruga\/\" class=\"more-link\">Read More<\/a><\/p>\n","protected":false},"author":4,"featured_media":2426,"comment_status":"closed","ping_status":"closed","sticky":false,"template":"","format":"standard","meta":[],"categories":[398],"tags":[400,104,399,226,401,109,245,113],"_links":{"self":[{"href":"https:\/\/bisbalpenedes.com\/web\/wp-json\/wp\/v2\/posts\/2425"}],"collection":[{"href":"https:\/\/bisbalpenedes.com\/web\/wp-json\/wp\/v2\/posts"}],"about":[{"href":"https:\/\/bisbalpenedes.com\/web\/wp-json\/wp\/v2\/types\/post"}],"author":[{"embeddable":true,"href":"https:\/\/bisbalpenedes.com\/web\/wp-json\/wp\/v2\/users\/4"}],"replies":[{"embeddable":true,"href":"https:\/\/bisbalpenedes.com\/web\/wp-json\/wp\/v2\/comments?post=2425"}],"version-history":[{"count":3,"href":"https:\/\/bisbalpenedes.com\/web\/wp-json\/wp\/v2\/posts\/2425\/revisions"}],"predecessor-version":[{"id":2429,"href":"https:\/\/bisbalpenedes.com\/web\/wp-json\/wp\/v2\/posts\/2425\/revisions\/2429"}],"wp:featuredmedia":[{"embeddable":true,"href":"https:\/\/bisbalpenedes.com\/web\/wp-json\/wp\/v2\/media\/2426"}],"wp:attachment":[{"href":"https:\/\/bisbalpenedes.com\/web\/wp-json\/wp\/v2\/media?parent=2425"}],"wp:term":[{"taxonomy":"category","embeddable":true,"href":"https:\/\/bisbalpenedes.com\/web\/wp-json\/wp\/v2\/categories?post=2425"},{"taxonomy":"post_tag","embeddable":true,"href":"https:\/\/bisbalpenedes.com\/web\/wp-json\/wp\/v2\/tags?post=2425"}],"curies":[{"name":"wp","href":"https:\/\/api.w.org\/{rel}","templated":true}]}}