{"id":24249,"date":"2022-12-06T16:41:04","date_gmt":"2022-12-06T14:41:04","guid":{"rendered":"https:\/\/bisbalpenedes.com\/web\/?p=24249"},"modified":"2022-12-06T16:42:24","modified_gmt":"2022-12-06T14:42:24","slug":"una-norentena-de-persones-han-assistit-a-lacte-de-reconeixement-a-la-tasca-del-voluntariat-i-les-associacions","status":"publish","type":"post","link":"https:\/\/bisbalpenedes.com\/web\/2022\/12\/06\/una-norentena-de-persones-han-assistit-a-lacte-de-reconeixement-a-la-tasca-del-voluntariat-i-les-associacions\/","title":{"rendered":"Una norentena de persones han assistit aquest dimarts a l&#8217;acte de reconeixement a la tasca del voluntariat i les associacions"},"content":{"rendered":"\n<p>L\u2019Ajuntament de la Bisbal del Pened\u00e8s ha celebrat, avui dimarts 6 de desembre, un acte de reconeixement a la tasca dels voluntaris i volunt\u00e0ries que, de forma altruista, col\u00b7laboren en els serveis municipals, en les activitats que s\u2019organitzen des de l\u2019Ajuntament o que formen part d\u2019associacions -entre elles les associacions de ve\u00efns i ve\u00efnes- que organitzen activitats al municipi i porten el nom de La Bisbal del Pened\u00e8s all\u00e0 on van. La celebraci\u00f3 ha tingut lloc a Mas Llagostera i ha comptat amb prop de noranta persones i la pres\u00e8ncia de m\u00e9s d\u2019una vintena d\u2019entitats. Les persones que hi han assistit ajuden en activitats com ara els Tres Tombs, la Cavalcada de Reis (entre ells la Banda de Tambors i Cornetes de la Societat), el Rebost Solidari, el Rac\u00f3 de la Gent Gran, el servei \u2018Bon dia\u2019 o que formen part de les associacions del municipi.<\/p>\n\n\n\n<p>A l\u2019inici de l\u2019acte, l\u2019alcaldessa de la Bisbal del Pened\u00e8s, Agn\u00e8s Ferr\u00e9, ha expressat unes paraules d\u2019agra\u00efment als assistents, tot detallant les tasques que duen a terme volunt\u00e0riament. La celebraci\u00f3 ha comptat amb la pres\u00e8ncia de Joan Josep Garcia, diputat provincial i alcalde d\u2019Alforja, que ha expressat la seva admiraci\u00f3 pel gran teixit associatiu i de voluntariat amb qu\u00e8 compta el municipi i ha informat els assistents sobre les diferents subvencions que s\u2019ofereixen des de l\u2019\u00e0rea de Cultura de la Diputaci\u00f3 de Tarragona.&nbsp;<\/p>\n\n\n\n<p>En acabar els parlaments, els assistents han pogut brindar i gaudir de diverses tapes preparades des de la Factoria de Mas Llagostera.<\/p>\n\n\n\n<hr class=\"wp-block-separator has-alpha-channel-opacity\"\/>\n\n\n\n<p><strong>CASTELLANO |<\/strong> El Ayuntamiento de la Bisbal del Pened\u00e8s ha celebrado, hoy martes 6 de diciembre, el acto de reconocimiento a la labor de los voluntarios y voluntarias que, de forma altruista, colaboran en los servicios municipales, en las actividades que se organizan desde el Ayuntamiento o que forman parte de asociaciones -entre ellas las asociaciones de vecinos y vecinas- que organizan actividades en el municipio y llevan el nombre de la Bisbal del Pened\u00e8s all\u00ed donde van. La celebraci\u00f3n ha tenido lugar en Mas Llagostera y ha contado con cerca de noventa personas y la presencia de m\u00e1s de veinte entidades. Las personas que han asistido ayudan en actividades como por ejemplo los Tres Tombs, la Cabalgata de Reyes (entre ellos la Banda de Tambores y Cornetas de la Societat), el Rebost Solidari, el Rac\u00f3 de la Gent Gran, el servei \u2018Bon dia\u2019 o que forman parte de las asociaciones del municipio.<\/p>\n\n\n\n<p>Al inicio del acto, la alcaldesa de la Bisbal del Pened\u00e8s, Agn\u00e8s Ferr\u00e9, les ha expresado unas palabras de agradecimiento a los asistentes, detallando las tareas que llevan a cabo voluntariamente. La celebraci\u00f3n ha contado con la presencia de Joan Josep Garcia, diputado provincial y alcalde de Alforja, que ha expresado su admiraci\u00f3n por el gran tejido asociativo y de voluntariado con el que cuenta el municipio y ha informado a los asistentes sobre las diferentes subvenciones que se ofrecen desde el \u00e1rea de Cultura de la Diputaci\u00f3n de Tarragona.<\/p>\n\n\n\n<p>Al finalizar los parlamentos, los asistentes han podido brindar y disfrutar de varias tapas preparadas desde la Factoria de Mas Llagostera.<\/p>\n\n\n\n<figure class=\"wp-block-image size-large\"><img loading=\"lazy\" width=\"1024\" height=\"1024\" src=\"https:\/\/bisbalpenedes.com\/web\/wp-content\/uploads\/2022\/12\/3108D8B4-9D61-4FC0-AEDE-C3039BBC8B2E-1024x1024.jpg\" alt=\"\" class=\"wp-image-24250\" srcset=\"https:\/\/bisbalpenedes.com\/web\/wp-content\/uploads\/2022\/12\/3108D8B4-9D61-4FC0-AEDE-C3039BBC8B2E-1024x1024.jpg 1024w, https:\/\/bisbalpenedes.com\/web\/wp-content\/uploads\/2022\/12\/3108D8B4-9D61-4FC0-AEDE-C3039BBC8B2E-300x300.jpg 300w, https:\/\/bisbalpenedes.com\/web\/wp-content\/uploads\/2022\/12\/3108D8B4-9D61-4FC0-AEDE-C3039BBC8B2E-150x150.jpg 150w, https:\/\/bisbalpenedes.com\/web\/wp-content\/uploads\/2022\/12\/3108D8B4-9D61-4FC0-AEDE-C3039BBC8B2E-768x768.jpg 768w, https:\/\/bisbalpenedes.com\/web\/wp-content\/uploads\/2022\/12\/3108D8B4-9D61-4FC0-AEDE-C3039BBC8B2E-600x600.jpg 600w, https:\/\/bisbalpenedes.com\/web\/wp-content\/uploads\/2022\/12\/3108D8B4-9D61-4FC0-AEDE-C3039BBC8B2E-100x100.jpg 100w, https:\/\/bisbalpenedes.com\/web\/wp-content\/uploads\/2022\/12\/3108D8B4-9D61-4FC0-AEDE-C3039BBC8B2E.jpg 1440w\" sizes=\"(max-width: 1024px) 100vw, 1024px\" \/><\/figure>\n\n\n\n<figure class=\"wp-block-image size-large\"><img loading=\"lazy\" width=\"1024\" height=\"1024\" src=\"https:\/\/bisbalpenedes.com\/web\/wp-content\/uploads\/2022\/12\/C7BEF02F-FFBC-4F0D-8256-0158CD4F3FFD-1024x1024.jpg\" alt=\"\" class=\"wp-image-24251\" srcset=\"https:\/\/bisbalpenedes.com\/web\/wp-content\/uploads\/2022\/12\/C7BEF02F-FFBC-4F0D-8256-0158CD4F3FFD-1024x1024.jpg 1024w, https:\/\/bisbalpenedes.com\/web\/wp-content\/uploads\/2022\/12\/C7BEF02F-FFBC-4F0D-8256-0158CD4F3FFD-300x300.jpg 300w, https:\/\/bisbalpenedes.com\/web\/wp-content\/uploads\/2022\/12\/C7BEF02F-FFBC-4F0D-8256-0158CD4F3FFD-150x150.jpg 150w, https:\/\/bisbalpenedes.com\/web\/wp-content\/uploads\/2022\/12\/C7BEF02F-FFBC-4F0D-8256-0158CD4F3FFD-768x768.jpg 768w, https:\/\/bisbalpenedes.com\/web\/wp-content\/uploads\/2022\/12\/C7BEF02F-FFBC-4F0D-8256-0158CD4F3FFD-600x600.jpg 600w, https:\/\/bisbalpenedes.com\/web\/wp-content\/uploads\/2022\/12\/C7BEF02F-FFBC-4F0D-8256-0158CD4F3FFD-100x100.jpg 100w, https:\/\/bisbalpenedes.com\/web\/wp-content\/uploads\/2022\/12\/C7BEF02F-FFBC-4F0D-8256-0158CD4F3FFD.jpg 1440w\" sizes=\"(max-width: 1024px) 100vw, 1024px\" \/><\/figure>\n\n\n\n<figure class=\"wp-block-image size-large\"><img loading=\"lazy\" width=\"1024\" height=\"1024\" src=\"https:\/\/bisbalpenedes.com\/web\/wp-content\/uploads\/2022\/12\/E8B15AC1-3834-466C-BD5D-65382F3F74BB-1024x1024.jpg\" alt=\"\" class=\"wp-image-24252\" srcset=\"https:\/\/bisbalpenedes.com\/web\/wp-content\/uploads\/2022\/12\/E8B15AC1-3834-466C-BD5D-65382F3F74BB-1024x1024.jpg 1024w, https:\/\/bisbalpenedes.com\/web\/wp-content\/uploads\/2022\/12\/E8B15AC1-3834-466C-BD5D-65382F3F74BB-300x300.jpg 300w, https:\/\/bisbalpenedes.com\/web\/wp-content\/uploads\/2022\/12\/E8B15AC1-3834-466C-BD5D-65382F3F74BB-150x150.jpg 150w, https:\/\/bisbalpenedes.com\/web\/wp-content\/uploads\/2022\/12\/E8B15AC1-3834-466C-BD5D-65382F3F74BB-768x768.jpg 768w, https:\/\/bisbalpenedes.com\/web\/wp-content\/uploads\/2022\/12\/E8B15AC1-3834-466C-BD5D-65382F3F74BB-600x600.jpg 600w, https:\/\/bisbalpenedes.com\/web\/wp-content\/uploads\/2022\/12\/E8B15AC1-3834-466C-BD5D-65382F3F74BB-100x100.jpg 100w, https:\/\/bisbalpenedes.com\/web\/wp-content\/uploads\/2022\/12\/E8B15AC1-3834-466C-BD5D-65382F3F74BB.jpg 1440w\" sizes=\"(max-width: 1024px) 100vw, 1024px\" \/><\/figure>\n","protected":false},"excerpt":{"rendered":"<p>L\u2019Ajuntament de la Bisbal del Pened\u00e8s ha celebrat, avui dimarts 6 de desembre, un acte de reconeixement a la tasca dels voluntaris i volunt\u00e0ries que, de forma altruista, col\u00b7laboren en &hellip; <a href=\"https:\/\/bisbalpenedes.com\/web\/2022\/12\/06\/una-norentena-de-persones-han-assistit-a-lacte-de-reconeixement-a-la-tasca-del-voluntariat-i-les-associacions\/\" class=\"more-link\">Read More<\/a><\/p>\n","protected":false},"author":4,"featured_media":24253,"comment_status":"closed","ping_status":"closed","sticky":false,"template":"","format":"standard","meta":[],"categories":[2402,8],"tags":[470,459,351,393,491,1451,469,468],"_links":{"self":[{"href":"https:\/\/bisbalpenedes.com\/web\/wp-json\/wp\/v2\/posts\/24249"}],"collection":[{"href":"https:\/\/bisbalpenedes.com\/web\/wp-json\/wp\/v2\/posts"}],"about":[{"href":"https:\/\/bisbalpenedes.com\/web\/wp-json\/wp\/v2\/types\/post"}],"author":[{"embeddable":true,"href":"https:\/\/bisbalpenedes.com\/web\/wp-json\/wp\/v2\/users\/4"}],"replies":[{"embeddable":true,"href":"https:\/\/bisbalpenedes.com\/web\/wp-json\/wp\/v2\/comments?post=24249"}],"version-history":[{"count":2,"href":"https:\/\/bisbalpenedes.com\/web\/wp-json\/wp\/v2\/posts\/24249\/revisions"}],"predecessor-version":[{"id":24255,"href":"https:\/\/bisbalpenedes.com\/web\/wp-json\/wp\/v2\/posts\/24249\/revisions\/24255"}],"wp:featuredmedia":[{"embeddable":true,"href":"https:\/\/bisbalpenedes.com\/web\/wp-json\/wp\/v2\/media\/24253"}],"wp:attachment":[{"href":"https:\/\/bisbalpenedes.com\/web\/wp-json\/wp\/v2\/media?parent=24249"}],"wp:term":[{"taxonomy":"category","embeddable":true,"href":"https:\/\/bisbalpenedes.com\/web\/wp-json\/wp\/v2\/categories?post=24249"},{"taxonomy":"post_tag","embeddable":true,"href":"https:\/\/bisbalpenedes.com\/web\/wp-json\/wp\/v2\/tags?post=24249"}],"curies":[{"name":"wp","href":"https:\/\/api.w.org\/{rel}","templated":true}]}}