{"id":24237,"date":"2022-12-05T15:21:11","date_gmt":"2022-12-05T13:21:11","guid":{"rendered":"https:\/\/bisbalpenedes.com\/web\/?p=24237"},"modified":"2022-12-05T15:22:01","modified_gmt":"2022-12-05T13:22:01","slug":"agraiment-a-les-persones-que-han-participat-o-collaborat-amb-el-gran-recapte-dels-aliments-2022","status":"publish","type":"post","link":"https:\/\/bisbalpenedes.com\/web\/2022\/12\/05\/agraiment-a-les-persones-que-han-participat-o-collaborat-amb-el-gran-recapte-dels-aliments-2022\/","title":{"rendered":"Agra\u00efment a les persones que heu participat o col\u00b7laborat amb el Gran Recapte dels Aliments 2022"},"content":{"rendered":"\n<p>Amb aquesta publicaci\u00f3, us volem donar les gr\u00e0cies a tots i totes els i les que heu aportat aliments i productes d\u2019higiene personal per al Rebost Solidari durant el Gran Recapte 2022.<br>Tamb\u00e9 volem agrair l\u2019ajuda prestada pels alumnes de l\u2019Institut Coster de la Torre, que van estar col\u00b7laborant en el Gran Recapte en el marc dels serveis comunitaris que duen a terme des del centre.<\/p>\n\n\n\n<p>Us recordem que, si voleu fer la vostra aportaci\u00f3 i ajudar les persones m\u00e9s vulnerables del municipi, ho podeu fer sempre que vulgueu. Podeu adre\u00e7ar-vos directament al Rebost Solidari, anar a l&#8217;Ajuntament i preguntar per la regidora de Benestar Social, Paqui Cepas, o contactar amb la regidora per correu electr\u00f2nic escrivint a paqui@bisbalpenedes.com<\/p>\n\n\n\n<hr class=\"wp-block-separator has-alpha-channel-opacity\"\/>\n\n\n\n<p><strong>CASTELLANO | <\/strong>Con esta publicaci\u00f3n, os queremos dar las gracias a todos y todas los y las que hab\u00e9is aportado alimentos y productos de higiene personal para el \u2018Rebost Solidari\u2019 durante el <em>Gran Recapte<\/em> 2022. Tambi\u00e9n queremos agradecer la ayuda prestada por los alumnos del Institut Coster de laTorre, que estuvieron colaborando en el <em>Gran Recapte<\/em> en el marco de los servicios comunitarios que llevan a cabo desde el centro.<\/p>\n\n\n\n<p>Os recordamos que, si quer\u00e9is hacer vuestra aportaci\u00f3n y ayudar a las personas m\u00e1s vulnerables del municipio, lo pod\u00e9is hacer siempre que quer\u00e1is. Pod\u00e9is dirigiros directamente al Rebost Solidari, ir al Ayuntamiento y preguntar por la concejala de Bienestar Social, Paqui Cepas, o contactar con la concejala por correo electr\u00f3nico escribiendo a paqui@bisbalpenedes.com<\/p>\n\n\n\n<p><\/p>\n\n\n\n<figure class=\"wp-block-image size-large\"><img loading=\"lazy\" width=\"1024\" height=\"604\" src=\"https:\/\/bisbalpenedes.com\/web\/wp-content\/uploads\/2022\/12\/REBOST-GRAN-RECAPTE-1-1024x604.jpeg\" alt=\"\" class=\"wp-image-24238\" srcset=\"https:\/\/bisbalpenedes.com\/web\/wp-content\/uploads\/2022\/12\/REBOST-GRAN-RECAPTE-1-1024x604.jpeg 1024w, https:\/\/bisbalpenedes.com\/web\/wp-content\/uploads\/2022\/12\/REBOST-GRAN-RECAPTE-1-300x177.jpeg 300w, https:\/\/bisbalpenedes.com\/web\/wp-content\/uploads\/2022\/12\/REBOST-GRAN-RECAPTE-1-768x453.jpeg 768w, https:\/\/bisbalpenedes.com\/web\/wp-content\/uploads\/2022\/12\/REBOST-GRAN-RECAPTE-1-1536x906.jpeg 1536w, https:\/\/bisbalpenedes.com\/web\/wp-content\/uploads\/2022\/12\/REBOST-GRAN-RECAPTE-1-600x354.jpeg 600w, https:\/\/bisbalpenedes.com\/web\/wp-content\/uploads\/2022\/12\/REBOST-GRAN-RECAPTE-1.jpeg 1599w\" sizes=\"(max-width: 1024px) 100vw, 1024px\" \/><\/figure>\n","protected":false},"excerpt":{"rendered":"<p>Amb aquesta publicaci\u00f3, us volem donar les gr\u00e0cies a tots i totes els i les que heu aportat aliments i productes d\u2019higiene personal per al Rebost Solidari durant el Gran &hellip; <a href=\"https:\/\/bisbalpenedes.com\/web\/2022\/12\/05\/agraiment-a-les-persones-que-han-participat-o-collaborat-amb-el-gran-recapte-dels-aliments-2022\/\" class=\"more-link\">Read More<\/a><\/p>\n","protected":false},"author":4,"featured_media":24239,"comment_status":"closed","ping_status":"closed","sticky":false,"template":"","format":"standard","meta":[],"categories":[3851,16,8,1043],"tags":[459,2642,393,1374,2644,373],"_links":{"self":[{"href":"https:\/\/bisbalpenedes.com\/web\/wp-json\/wp\/v2\/posts\/24237"}],"collection":[{"href":"https:\/\/bisbalpenedes.com\/web\/wp-json\/wp\/v2\/posts"}],"about":[{"href":"https:\/\/bisbalpenedes.com\/web\/wp-json\/wp\/v2\/types\/post"}],"author":[{"embeddable":true,"href":"https:\/\/bisbalpenedes.com\/web\/wp-json\/wp\/v2\/users\/4"}],"replies":[{"embeddable":true,"href":"https:\/\/bisbalpenedes.com\/web\/wp-json\/wp\/v2\/comments?post=24237"}],"version-history":[{"count":3,"href":"https:\/\/bisbalpenedes.com\/web\/wp-json\/wp\/v2\/posts\/24237\/revisions"}],"predecessor-version":[{"id":24242,"href":"https:\/\/bisbalpenedes.com\/web\/wp-json\/wp\/v2\/posts\/24237\/revisions\/24242"}],"wp:featuredmedia":[{"embeddable":true,"href":"https:\/\/bisbalpenedes.com\/web\/wp-json\/wp\/v2\/media\/24239"}],"wp:attachment":[{"href":"https:\/\/bisbalpenedes.com\/web\/wp-json\/wp\/v2\/media?parent=24237"}],"wp:term":[{"taxonomy":"category","embeddable":true,"href":"https:\/\/bisbalpenedes.com\/web\/wp-json\/wp\/v2\/categories?post=24237"},{"taxonomy":"post_tag","embeddable":true,"href":"https:\/\/bisbalpenedes.com\/web\/wp-json\/wp\/v2\/tags?post=24237"}],"curies":[{"name":"wp","href":"https:\/\/api.w.org\/{rel}","templated":true}]}}