{"id":24229,"date":"2022-12-05T14:51:46","date_gmt":"2022-12-05T12:51:46","guid":{"rendered":"https:\/\/bisbalpenedes.com\/web\/?p=24229"},"modified":"2022-12-05T14:51:46","modified_gmt":"2022-12-05T12:51:46","slug":"ja-podeu-passar-a-recollir-el-calendari-2023-per-lajuntament-de-la-bisbal-del-penedes","status":"publish","type":"post","link":"https:\/\/bisbalpenedes.com\/web\/2022\/12\/05\/ja-podeu-passar-a-recollir-el-calendari-2023-per-lajuntament-de-la-bisbal-del-penedes\/","title":{"rendered":"Ja podeu passar a recollir el calendari 2023 per l&#8217;Ajuntament de la Bisbal del Pened\u00e8s"},"content":{"rendered":"\n<p>Ja podeu passar a recollir el calendari 2023 per l&#8217;Ajuntament! Un any m\u00e9s, l&#8217;Ajuntament de la Bisbal del Pened\u00e8s ha editat un calendari, enguany amb moltes fotografies diferents esdeveniments que s&#8217;han dut a terme al municipi. Com cada any, se n&#8217;entregar\u00e0 un per habitatge.<\/p>\n\n\n\n<hr class=\"wp-block-separator has-alpha-channel-opacity\"\/>\n\n\n\n<p>\u00a1Ya pod\u00e9is pasar a recoger el calendario 2023 por el Ayuntamiento!<br>Un a\u00f1o m\u00e1s, el Ayuntamiento de la Bisbal del Pened\u00e8s ha editado un calendario, este a\u00f1o con muchas fotograf\u00edas de distintos eventos que se han llevado a cabo en el municipio. Como cada a\u00f1o, se entregar\u00e1 un calendario por vivienda.<\/p>\n","protected":false},"excerpt":{"rendered":"<p>Ja podeu passar a recollir el calendari 2023 per l&#8217;Ajuntament! Un any m\u00e9s, l&#8217;Ajuntament de la Bisbal del Pened\u00e8s ha editat un calendari, enguany amb moltes fotografies diferents esdeveniments que &hellip; <a href=\"https:\/\/bisbalpenedes.com\/web\/2022\/12\/05\/ja-podeu-passar-a-recollir-el-calendari-2023-per-lajuntament-de-la-bisbal-del-penedes\/\" class=\"more-link\">Read More<\/a><\/p>\n","protected":false},"author":4,"featured_media":24230,"comment_status":"closed","ping_status":"closed","sticky":false,"template":"","format":"standard","meta":[],"categories":[2402,1628,8],"tags":[4613,459,1023,318,393,1374],"_links":{"self":[{"href":"https:\/\/bisbalpenedes.com\/web\/wp-json\/wp\/v2\/posts\/24229"}],"collection":[{"href":"https:\/\/bisbalpenedes.com\/web\/wp-json\/wp\/v2\/posts"}],"about":[{"href":"https:\/\/bisbalpenedes.com\/web\/wp-json\/wp\/v2\/types\/post"}],"author":[{"embeddable":true,"href":"https:\/\/bisbalpenedes.com\/web\/wp-json\/wp\/v2\/users\/4"}],"replies":[{"embeddable":true,"href":"https:\/\/bisbalpenedes.com\/web\/wp-json\/wp\/v2\/comments?post=24229"}],"version-history":[{"count":1,"href":"https:\/\/bisbalpenedes.com\/web\/wp-json\/wp\/v2\/posts\/24229\/revisions"}],"predecessor-version":[{"id":24231,"href":"https:\/\/bisbalpenedes.com\/web\/wp-json\/wp\/v2\/posts\/24229\/revisions\/24231"}],"wp:featuredmedia":[{"embeddable":true,"href":"https:\/\/bisbalpenedes.com\/web\/wp-json\/wp\/v2\/media\/24230"}],"wp:attachment":[{"href":"https:\/\/bisbalpenedes.com\/web\/wp-json\/wp\/v2\/media?parent=24229"}],"wp:term":[{"taxonomy":"category","embeddable":true,"href":"https:\/\/bisbalpenedes.com\/web\/wp-json\/wp\/v2\/categories?post=24229"},{"taxonomy":"post_tag","embeddable":true,"href":"https:\/\/bisbalpenedes.com\/web\/wp-json\/wp\/v2\/tags?post=24229"}],"curies":[{"name":"wp","href":"https:\/\/api.w.org\/{rel}","templated":true}]}}