{"id":24220,"date":"2022-12-05T11:46:51","date_gmt":"2022-12-05T09:46:51","guid":{"rendered":"https:\/\/bisbalpenedes.com\/web\/?p=24220"},"modified":"2022-12-05T11:46:51","modified_gmt":"2022-12-05T09:46:51","slug":"entrevista-a-lalcaldessa-de-la-bisbal-del-penedes-agnes-ferre-al-programa-ull-al-dia-novembre-de-2022","status":"publish","type":"post","link":"https:\/\/bisbalpenedes.com\/web\/2022\/12\/05\/entrevista-a-lalcaldessa-de-la-bisbal-del-penedes-agnes-ferre-al-programa-ull-al-dia-novembre-de-2022\/","title":{"rendered":"Entrevista a l\u2019alcaldessa de la Bisbal del Pened\u00e8s -Agn\u00e8s Ferr\u00e9- al programa \u201cUll al dia\u201d \u2013 Novembre de 2022"},"content":{"rendered":"\n<p>El programa l&#8217;Ull al dia d Etv va entrevistar l&#8217;alcaldessa de La Bisbal del Pened\u00e8s, Agn\u00e8s Ferr\u00e9, a finals del mes de novembre. L\u2019entrevista es va centrar en diversos temes d\u2019actualitat al municipi, com ara la temporada de vent a la Bisbal, el pressupost municipal i la congelaci\u00f3 de taxes i impostos per al 2023 i altres temes relacionats amb els impostos -com ara la bonificaci\u00f3 de l\u2019IBI per la instal\u00b7laci\u00f3 de plaques fotovoltaiques-, l\u2019afectaci\u00f3 de la pujada de preus del gasoil i la llum al pressupost, la consulta p\u00fablica sobre la modificaci\u00f3 del planejament de terrenys municipals per a l\u2019arribada de noves empreses a la Bisbal, el Dia Internacional per a l\u2019eliminaci\u00f3 de la viol\u00e8ncia envers les dones (25N) i la sequera.<\/p>\n\n\n\n<p>Enlla\u00e7 a l&#8217;entrevista: <a href=\"https:\/\/etv.alacarta.cat\/l-ull-al-dia\/capitol\/agnes-ferre_24112022\">https:\/\/etv.alacarta.cat\/l-ull-al-dia\/capitol\/agnes-ferre_24112022<\/a><\/p>\n\n\n\n<hr class=\"wp-block-separator has-alpha-channel-opacity\"\/>\n\n\n\n<p>El programa l&#8217;Ull al dia de ETV entrevist\u00f3 a la alcaldesa de La Bisbal Pened\u00e8s, Agn\u00e8s Ferr\u00e9, a finales del mes de noviembre. La entrevista se centr\u00f3 en varios temas de actualidad en el municipio, como por ejemplo la temporada de viento en la Bisbal, el presupuesto municipal y la congelaci\u00f3n de tasas e impuestos para el 2023 y otros temas relacionados con los impuestos -como por ejemplo la bonificaci\u00f3n del IBI por la instalaci\u00f3n de placas fotovoltaicas-, la afectaci\u00f3n de la subida de precios del gasoil y la luz en el presupuesto, la consulta p\u00fablica sobre la modificaci\u00f3n del planeamiento de terrenos municipales para la llegada de nuevas empresas a la Bisbal, el D\u00eda Internacional para la eliminaci\u00f3n de la violencia hacia las mujeres (25N) y la sequ\u00eda.<br>Enlace a la entrevista: <a href=\"https:\/\/etv.alacarta.cat\/l-ull-al-dia\/capitol\/agnes-ferre_24112022\">https:\/\/etv.alacarta.cat\/l-ull-al-dia\/capitol\/agnes-ferre_24112022<\/a><\/p>\n","protected":false},"excerpt":{"rendered":"<p>El programa l&#8217;Ull al dia d Etv va entrevistar l&#8217;alcaldessa de La Bisbal del Pened\u00e8s, Agn\u00e8s Ferr\u00e9, a finals del mes de novembre. L\u2019entrevista es va centrar en diversos temes &hellip; <a href=\"https:\/\/bisbalpenedes.com\/web\/2022\/12\/05\/entrevista-a-lalcaldessa-de-la-bisbal-del-penedes-agnes-ferre-al-programa-ull-al-dia-novembre-de-2022\/\" class=\"more-link\">Read More<\/a><\/p>\n","protected":false},"author":4,"featured_media":24221,"comment_status":"closed","ping_status":"closed","sticky":false,"template":"","format":"standard","meta":[],"categories":[2057,8],"tags":[5657,1151,2092,1252,459,393],"_links":{"self":[{"href":"https:\/\/bisbalpenedes.com\/web\/wp-json\/wp\/v2\/posts\/24220"}],"collection":[{"href":"https:\/\/bisbalpenedes.com\/web\/wp-json\/wp\/v2\/posts"}],"about":[{"href":"https:\/\/bisbalpenedes.com\/web\/wp-json\/wp\/v2\/types\/post"}],"author":[{"embeddable":true,"href":"https:\/\/bisbalpenedes.com\/web\/wp-json\/wp\/v2\/users\/4"}],"replies":[{"embeddable":true,"href":"https:\/\/bisbalpenedes.com\/web\/wp-json\/wp\/v2\/comments?post=24220"}],"version-history":[{"count":1,"href":"https:\/\/bisbalpenedes.com\/web\/wp-json\/wp\/v2\/posts\/24220\/revisions"}],"predecessor-version":[{"id":24222,"href":"https:\/\/bisbalpenedes.com\/web\/wp-json\/wp\/v2\/posts\/24220\/revisions\/24222"}],"wp:featuredmedia":[{"embeddable":true,"href":"https:\/\/bisbalpenedes.com\/web\/wp-json\/wp\/v2\/media\/24221"}],"wp:attachment":[{"href":"https:\/\/bisbalpenedes.com\/web\/wp-json\/wp\/v2\/media?parent=24220"}],"wp:term":[{"taxonomy":"category","embeddable":true,"href":"https:\/\/bisbalpenedes.com\/web\/wp-json\/wp\/v2\/categories?post=24220"},{"taxonomy":"post_tag","embeddable":true,"href":"https:\/\/bisbalpenedes.com\/web\/wp-json\/wp\/v2\/tags?post=24220"}],"curies":[{"name":"wp","href":"https:\/\/api.w.org\/{rel}","templated":true}]}}