{"id":24206,"date":"2022-12-05T09:12:09","date_gmt":"2022-12-05T07:12:09","guid":{"rendered":"https:\/\/bisbalpenedes.com\/web\/?p=24206"},"modified":"2022-12-05T09:12:09","modified_gmt":"2022-12-05T07:12:09","slug":"senderistes-bisbalencs-ha-recaptat-340e-amb-la-sortida-per-fer-la-ruta-de-la-pedra-seca-de-la-plana-de-lortigos","status":"publish","type":"post","link":"https:\/\/bisbalpenedes.com\/web\/2022\/12\/05\/senderistes-bisbalencs-ha-recaptat-340e-amb-la-sortida-per-fer-la-ruta-de-la-pedra-seca-de-la-plana-de-lortigos\/","title":{"rendered":"Senderistes Bisbalencs ha recaptat 340\u20ac amb la sortida per fer la ruta de la pedra seca de la plana de l&#8217;Ortig\u00f3s"},"content":{"rendered":"\n<p>Una seixantena de persones van participar, ahir diumenge, en la caminada per La Marat\u00f3 organitzada des de Senderistes Bisbalencs. Es tractava d\u2019una sortida, des del cementiri municipal, per fer la ruta de la pedra seca de la plana de l\u2019Ortig\u00f3s amb la conducci\u00f3 del bisbalenc Joan Rovira, que va explicar les construccions dels marges i barraques. En arribar, els assistents podien esmorzar coca i xocolata pel preu de 5\u20ac i van poder degustar una copa de cava.<\/p>\n\n\n\n<p>En total, es van recaptar 340\u20ac que es destinaran a La Marat\u00f3 d\u2019enguany, dedicada a la salut cardiovascular.<\/p>\n\n\n\n<hr class=\"wp-block-separator has-alpha-channel-opacity\"\/>\n\n\n\n<p>Una sesentena de personas participaron, ayer domingo, en la caminata por La Marat\u00f3 organizada desde Senderistes Bisbalencs. Se trataba de una salida, desde el cementerio municipal, para hacer la ruta de la piedra seca de la plana de L\u2019Ortig\u00f3s con la conducci\u00f3n del bisbalenc Joan Rovira, que explic\u00f3 las construcciones de los m\u00e1rgenes y barracas. Al finalizar, los asistentes pod\u00edan desayunar coca y chocolate por el precio de 5\u20ac y pudieron degustar una copa de cava.<\/p>\n\n\n\n<p>\ud83e\udec0En total, se recaudaron 340\u20ac que se destinar\u00e1n a La Marat\u00f3 de este a\u00f1o, dedicada a la salud cardiovascular.<\/p>\n\n\n\n<p><\/p>\n","protected":false},"excerpt":{"rendered":"<p>Una seixantena de persones van participar, ahir diumenge, en la caminada per La Marat\u00f3 organitzada des de Senderistes Bisbalencs. Es tractava d\u2019una sortida, des del cementiri municipal, per fer la &hellip; <a href=\"https:\/\/bisbalpenedes.com\/web\/2022\/12\/05\/senderistes-bisbalencs-ha-recaptat-340e-amb-la-sortida-per-fer-la-ruta-de-la-pedra-seca-de-la-plana-de-lortigos\/\" class=\"more-link\">Read More<\/a><\/p>\n","protected":false},"author":4,"featured_media":24207,"comment_status":"closed","ping_status":"closed","sticky":false,"template":"","format":"standard","meta":[],"categories":[20,8],"tags":[459,351,393,899,1374,856],"_links":{"self":[{"href":"https:\/\/bisbalpenedes.com\/web\/wp-json\/wp\/v2\/posts\/24206"}],"collection":[{"href":"https:\/\/bisbalpenedes.com\/web\/wp-json\/wp\/v2\/posts"}],"about":[{"href":"https:\/\/bisbalpenedes.com\/web\/wp-json\/wp\/v2\/types\/post"}],"author":[{"embeddable":true,"href":"https:\/\/bisbalpenedes.com\/web\/wp-json\/wp\/v2\/users\/4"}],"replies":[{"embeddable":true,"href":"https:\/\/bisbalpenedes.com\/web\/wp-json\/wp\/v2\/comments?post=24206"}],"version-history":[{"count":1,"href":"https:\/\/bisbalpenedes.com\/web\/wp-json\/wp\/v2\/posts\/24206\/revisions"}],"predecessor-version":[{"id":24208,"href":"https:\/\/bisbalpenedes.com\/web\/wp-json\/wp\/v2\/posts\/24206\/revisions\/24208"}],"wp:featuredmedia":[{"embeddable":true,"href":"https:\/\/bisbalpenedes.com\/web\/wp-json\/wp\/v2\/media\/24207"}],"wp:attachment":[{"href":"https:\/\/bisbalpenedes.com\/web\/wp-json\/wp\/v2\/media?parent=24206"}],"wp:term":[{"taxonomy":"category","embeddable":true,"href":"https:\/\/bisbalpenedes.com\/web\/wp-json\/wp\/v2\/categories?post=24206"},{"taxonomy":"post_tag","embeddable":true,"href":"https:\/\/bisbalpenedes.com\/web\/wp-json\/wp\/v2\/tags?post=24206"}],"curies":[{"name":"wp","href":"https:\/\/api.w.org\/{rel}","templated":true}]}}