{"id":24199,"date":"2022-12-05T08:47:43","date_gmt":"2022-12-05T06:47:43","guid":{"rendered":"https:\/\/bisbalpenedes.com\/web\/?p=24199"},"modified":"2022-12-05T08:52:04","modified_gmt":"2022-12-05T06:52:04","slug":"programa-especial-de-radio-amb-motiu-de-lobertura-dels-llums-de-nadal-i-la-inauguracio-del-pessebre-de-la-rectoria","status":"publish","type":"post","link":"https:\/\/bisbalpenedes.com\/web\/2022\/12\/05\/programa-especial-de-radio-amb-motiu-de-lobertura-dels-llums-de-nadal-i-la-inauguracio-del-pessebre-de-la-rectoria\/","title":{"rendered":"Programa especial de r\u00e0dio amb motiu de l&#8217;obertura dels llums de Nadal i la inauguraci\u00f3 del pessebre de la rectoria"},"content":{"rendered":"\n<p>El passat divendres es va inaugurar el pessebre del bisbalenc Francesc L\u00f3pez Escolar i es van obrir els llums de Nadal.<\/p>\n\n\n\n<p>Enguany, l&#8217;inici de les festes nadalenques a la Bisbal s&#8217;ha ofert, en directe, al programa #CarrerMajor, que s&#8217;emet en vuit r\u00e0dios del Camp de Tarragona: R\u00e0dio Ciutat De Tarragona, Altafulla R\u00e0dio, R\u00e0dio Montblanc, R\u00e0dio La Selva, Ona La Torre, La NOVA r\u00e0dio (Reus), R\u00e0dio Hospitalet de l&#8217;Infant i Baix Camp R\u00e0dio.<\/p>\n\n\n\n<p>Podeu recuperar el programa sencer en \u00e0udio o v\u00eddeo o alguns dels moments de l&#8217;espai radiof\u00f2nic en aquest enlla\u00e7: <a href=\"https:\/\/rctgn.cat\/podcast\/carrer-major\/carrermajor-especial-inici-festes-de-nadal-a-la-bisbal-del-penedes\/\">https:\/\/rctgn.cat\/podcast\/carrer-major\/carrermajor-especial-inici-festes-de-nadal-a-la-bisbal-del-penedes\/<\/a><\/p>\n\n\n\n<figure class=\"wp-block-embed is-type-video is-provider-youtube wp-block-embed-youtube wp-embed-aspect-16-9 wp-has-aspect-ratio\"><div class=\"wp-block-embed__wrapper\">\n<iframe loading=\"lazy\" title=\"#CarrerMajor | Especial festa de l&#039;encesa de llums de Nadal de la Bisbal del Pened\u00e8s\" width=\"1170\" height=\"658\" src=\"https:\/\/www.youtube.com\/embed\/VGgFyb6yWkM?feature=oembed\" frameborder=\"0\" allow=\"accelerometer; autoplay; clipboard-write; encrypted-media; gyroscope; picture-in-picture\" allowfullscreen><\/iframe>\n<\/div><\/figure>\n\n\n\n<hr class=\"wp-block-separator has-alpha-channel-opacity\"\/>\n\n\n\n<p><strong>CASTELLANO | <\/strong>El viernes pasado se inaugur\u00f3 el pesebre del bisbalencs Francesc L\u00f3pez Escolar y se abrieron las luces de Navidad.<\/p>\n\n\n\n<p>Este a\u00f1o, el inicio de las fiestas navide\u00f1as en la Bisbal del Pened\u00e8s se ha ofrecido, en directo, en el programa #CarrerMayor, que se emite en ocho radios del Camp de Tarragona: R\u00e0dio Ciutat De Tarragona, Altafulla R\u00e0dio, R\u00e0dio Montblanc, R\u00e0dio La Selva, Ona La Torre, La NOVA r\u00e0dio (Reus), R\u00e0dio Hospitalet de l&#8217;Infant y Baix Camp R\u00e0dio.<\/p>\n\n\n\n<p>Pod\u00e9is recuperar el programa entero en audio o v\u00eddeo o algunos de los momentos del espacio radiof\u00f3nico en este enlace:<br><a href=\"https:\/\/rctgn.cat\/podcast\/carrer-major\/carrermajor-especial-inici-festes-de-nadal-a-la-bisbal-del-penedes\/\">https:\/\/rctgn.cat\/podcast\/carrer-major\/carrermajor-especial-inici-festes-de-nadal-a-la-bisbal-del-penedes\/<\/a><\/p>\n","protected":false},"excerpt":{"rendered":"<p>El passat divendres es va inaugurar el pessebre del bisbalenc Francesc L\u00f3pez Escolar i es van obrir els llums de Nadal. Enguany, l&#8217;inici de les festes nadalenques a la Bisbal &hellip; <a href=\"https:\/\/bisbalpenedes.com\/web\/2022\/12\/05\/programa-especial-de-radio-amb-motiu-de-lobertura-dels-llums-de-nadal-i-la-inauguracio-del-pessebre-de-la-rectoria\/\" class=\"more-link\">Read More<\/a><\/p>\n","protected":false},"author":4,"featured_media":24204,"comment_status":"closed","ping_status":"closed","sticky":false,"template":"","format":"standard","meta":[],"categories":[2402,8],"tags":[230,459,5653,393,899,95,1374,96,2470,1100],"_links":{"self":[{"href":"https:\/\/bisbalpenedes.com\/web\/wp-json\/wp\/v2\/posts\/24199"}],"collection":[{"href":"https:\/\/bisbalpenedes.com\/web\/wp-json\/wp\/v2\/posts"}],"about":[{"href":"https:\/\/bisbalpenedes.com\/web\/wp-json\/wp\/v2\/types\/post"}],"author":[{"embeddable":true,"href":"https:\/\/bisbalpenedes.com\/web\/wp-json\/wp\/v2\/users\/4"}],"replies":[{"embeddable":true,"href":"https:\/\/bisbalpenedes.com\/web\/wp-json\/wp\/v2\/comments?post=24199"}],"version-history":[{"count":1,"href":"https:\/\/bisbalpenedes.com\/web\/wp-json\/wp\/v2\/posts\/24199\/revisions"}],"predecessor-version":[{"id":24201,"href":"https:\/\/bisbalpenedes.com\/web\/wp-json\/wp\/v2\/posts\/24199\/revisions\/24201"}],"wp:featuredmedia":[{"embeddable":true,"href":"https:\/\/bisbalpenedes.com\/web\/wp-json\/wp\/v2\/media\/24204"}],"wp:attachment":[{"href":"https:\/\/bisbalpenedes.com\/web\/wp-json\/wp\/v2\/media?parent=24199"}],"wp:term":[{"taxonomy":"category","embeddable":true,"href":"https:\/\/bisbalpenedes.com\/web\/wp-json\/wp\/v2\/categories?post=24199"},{"taxonomy":"post_tag","embeddable":true,"href":"https:\/\/bisbalpenedes.com\/web\/wp-json\/wp\/v2\/tags?post=24199"}],"curies":[{"name":"wp","href":"https:\/\/api.w.org\/{rel}","templated":true}]}}