{"id":24171,"date":"2022-11-30T15:58:28","date_gmt":"2022-11-30T13:58:28","guid":{"rendered":"https:\/\/bisbalpenedes.com\/web\/?p=24171"},"modified":"2022-12-01T21:32:21","modified_gmt":"2022-12-01T19:32:21","slug":"aquest-dimarts-29-de-novembre-sha-celebrat-el-ple-extraordinari-de-pressupostos-el-pressupost-per-a-lany-2023-es-de-6-648-01755e-i-es-destinaran-26-milions-deuros-a-inversions","status":"publish","type":"post","link":"https:\/\/bisbalpenedes.com\/web\/2022\/11\/30\/aquest-dimarts-29-de-novembre-sha-celebrat-el-ple-extraordinari-de-pressupostos-el-pressupost-per-a-lany-2023-es-de-6-648-01755e-i-es-destinaran-26-milions-deuros-a-inversions\/","title":{"rendered":"Aquest dimarts 29 de novembre s&#8217;ha celebrat el Ple extraordinari de pressupostos &#8211; El pressupost per a l&#8217;any 2023 es de 6.648.017,55\u20ac i es destinaran 2,6 milions d&#8217;euros a inversions"},"content":{"rendered":"\n<figure class=\"wp-block-embed is-type-video is-provider-youtube wp-block-embed-youtube wp-embed-aspect-16-9 wp-has-aspect-ratio\"><div class=\"wp-block-embed__wrapper\">\n<iframe loading=\"lazy\" title=\"Ajuntament de la Bisbal del Pened\u00e8s. Ple extraordinari del Pressupost de 29 de novembre de 2022.\" width=\"1170\" height=\"658\" src=\"https:\/\/www.youtube.com\/embed\/r8WhxKA728E?feature=oembed\" frameborder=\"0\" allow=\"accelerometer; autoplay; clipboard-write; encrypted-media; gyroscope; picture-in-picture\" allowfullscreen><\/iframe>\n<\/div><\/figure>\n\n\n\n<p>Aquest dimarts 29 de novembre, a les 16h, s&#8217;ha celebrat un Ple extraordinari en qu\u00e8 s&#8217;ha aprovat el pressupost per a l&#8217;any 2023.<\/p>\n\n\n\n<p>S&#8217;hi han tractat els seg\u00fcents punts:<\/p>\n\n\n\n<p><strong>1.-Modificaci\u00f3 de cr\u00e8dit en la modalitat de suplement de cr\u00e8dit<\/strong><\/p>\n\n\n\n<p>S&#8217;ha aprovat amb els vots a favor de Comprom\u00eds amb la Bisbal (6), el PSC (2) i Ara la Bisbal (1); i els vots en contra d&#8217;Units per la Bisbal-FIC (1) i ERC-AM (1).<\/p>\n\n\n\n<p>S&#8217;ha aprovat la darrera modificaci\u00f3 de cr\u00e8dit de l&#8217;any per destinar 74.960,66\u20ac del romanent de tresoreria a:<\/p>\n\n\n\n<p>-Incrementar en 6.000\u20ac la partida d&#8217;enllumenat p\u00fablic, per l&#8217;increment del preu de la llum d&#8217;aquest any.<\/p>\n\n\n\n<p>-Destinar 12.000\u20ac al consum d&#8217;energia el\u00e8ctrica del pou de l&#8217;Esplai, que est\u00e0 en funcionament des d&#8217;aquest estiu. S&#8217;estan realitzant els tr\u00e0mits per adscriure aquest pou a l&#8217;empresa concession\u00e0ria, per aquest motiu no hi havia partida per a aquest concepte.<\/p>\n\n\n\n<p>-Incrementar 47.739,91\u20ac a la partida de gesti\u00f3 de residus, per pagar l&#8217;import resultant de la liquidaci\u00f3 del servei d&#8217;EcoBP del 2021.<\/p>\n\n\n\n<p>-Incrementar en 1.500\u20ac la partida de gasoil per als vehicles de la brigada, per l&#8217;increment del preu del gasoil d&#8217;aquest any.<\/p>\n\n\n\n<p>-Incrementar en 4.000\u20ac la partida de despeses financeres, per l&#8217;increment del preu de comissions banc\u00e0ries per moviments i dip\u00f2sits.<\/p>\n\n\n\n<p>-2.171,95\u20ac per a l&#8217;aplicaci\u00f3 &#8216;L\u00ednia Verde&#8217;, per seguir mantenint el servei, i refer part de l&#8217;enllumenat p\u00fablic de La Miralba, per robatori de cables.<\/p>\n\n\n\n<p>-Incrementar en 1.548,80\u20ac la partida de lloguer de magatzems municipals. No s&#8217;havia pressupostat l&#8217;any sencer, comptant que algun dels magatzems es deixarien quan acabessin les obres de la fassina, que s&#8217;han adjudicat recentment per\u00f2 que encara no han comen\u00e7at.<\/p>\n\n\n\n<p><strong>2.-Pressupost 2023<\/strong><\/p>\n\n\n\n<p>S&#8217;ha aprovat amb els vots a favor de Comprom\u00eds amb la Bisbal (6) i els vots en contra del PSC (2), Units per la Bisbal-FIC (1), Ara la Bisbal (1) i ERC-AM (1).<strong><\/strong><\/p>\n\n\n\n<p>S\u2019ha aprovat inicialment el pressupost per a l&#8217;exercici 2023 amb un import de 6.648.017,55\u20ac, el sostre de la despesa no financera per al 2023 de 8.082.270,73\u20ac i tamb\u00e9 s\u2019ha aprovat, inicialment, la plantilla de personal per al 2023.<\/p>\n\n\n\n<p>Enlla\u00e7 al resum del pressupost aprovat: <a href=\"https:\/\/bisbalpenedes.com\/web\/wp-content\/uploads\/2022\/11\/PRESSUPOST-MUNICIPAL-2023-Ajuntament-de-la-Bisbal-del-Penedes.pdf\">https:\/\/bisbalpenedes.com\/web\/wp-content\/uploads\/2022\/11\/PRESSUPOST-MUNICIPAL-2023-Ajuntament-de-la-Bisbal-del-Penedes.pdf<\/a><\/p>\n\n\n\n<hr class=\"wp-block-separator has-alpha-channel-opacity\"\/>\n\n\n\n<p><strong>CASTELLANO |<\/strong> Este martes 29 de noviembre, a las 16h, se ha celebrado un Pleno extraordinario en el que se ha aprobado el presupuesto para el a\u00f1o 2023.<\/p>\n\n\n\n<p>Se han tratado los siguientes puntos:<\/p>\n\n\n\n<p><strong>1.-Modificaci\u00f3n de cr\u00e9dito en la modalidad de suplemento de cr\u00e9dito<\/strong><\/p>\n\n\n\n<p>Se ha aprobado con los votos a favor de Comprom\u00eds amb la Bisbal (6), el PSC (2) y Ara la Bisbal (1); y los votos en contra de Units per la Bisbal-FIC (1) y ERC-AM (1).<\/p>\n\n\n\n<p>Se ha aprobado la \u00faltima modificaci\u00f3n de cr\u00e9dito del a\u00f1o para destinar 74.960,66\u20ac del remanente de tesorer\u00eda a:<\/p>\n\n\n\n<p>-Incrementar en 6.000\u20ac la partida de alumbrado p\u00fablico, por el incremento del precio de la luz de este a\u00f1o.<\/p>\n\n\n\n<p>-Destinar 12.000\u20ac al consumo de energ\u00eda el\u00e9ctrica del pozo del Esplai, que est\u00e1 en funcionamiento desde este verano. Se est\u00e1n llevando a cabo los tr\u00e1mites para adscribir este pozo a la empresa concesionaria, por este motivo no hab\u00eda partida para este concepto.<\/p>\n\n\n\n<p>-Incrementar 47.739,91\u20ac la partida de gesti\u00f3n de residuos, para pagar el importe resultante de la liquidaci\u00f3n del servicio de EcoBP del 2021.<\/p>\n\n\n\n<p>-Incrementar en 1.500\u20ac la partida de gasoil para los veh\u00edculos de la brigada, por el incremento del precio del gasoil de este a\u00f1o.<\/p>\n\n\n\n<p>-Incrementar en 4.000\u20ac la partida de gastos financieros, por el incremento del precio de las comisiones bancarias por movimientos y dep\u00f3sitos.<\/p>\n\n\n\n<p>-2.171,95\u20ac para la aplicaci\u00f3n \u2018L\u00ednea Verde\u2019, para seguir manteniendo el servicio, y rehacer parte del alumbrado p\u00fablico de La Miralba, por robo de cables.<\/p>\n\n\n\n<p>-Incrementar en 1.548,80\u20ac la partida de alquiler de almacenes municipales. No se hab\u00eda presupuestado el a\u00f1o entero, contando que alguno de los almacenes se dejar\u00edan cuando terminasen las obras de la <em>fassina,<\/em> que se han adjudicado recientemente pero que todav\u00eda no han empezado.<\/p>\n\n\n\n<p><strong>2. Presupuesto 2023<\/strong><\/p>\n\n\n\n<p>Se ha aprobado con los votos a favor de Comprom\u00eds amb la Bisbal (6) y los votos en contra del PSC (2), Units per la Bibal-FIC (1), Ara la Bisbal (1) y ERC-AM (1).<\/p>\n\n\n\n<p>Se ha aprobado inicialmente el presupuesto para el ejercicio 2023 con un importe de 6.648.017,55\u20ac, el techo del gasto no financiero para el 2023 de 8.082.270,73\u20ac y tambi\u00e9n se ha aprobado, inicialmente, la plantilla de personal para el 2023.<\/p>\n\n\n\n<p>Enlace al resumen del presupuesto aprobado: <a href=\"https:\/\/bisbalpenedes.com\/web\/wp-content\/uploads\/2022\/11\/PRESSUPOST-MUNICIPAL-2023-Ajuntament-de-la-Bisbal-del-Penedes.pdf\">https:\/\/bisbalpenedes.com\/web\/wp-content\/uploads\/2022\/11\/PRESSUPOST-MUNICIPAL-2023-Ajuntament-de-la-Bisbal-del-Penedes.pdf<\/a><\/p>\n","protected":false},"excerpt":{"rendered":"<p>Aquest dimarts 29 de novembre, a les 16h, s&#8217;ha celebrat un Ple extraordinari en qu\u00e8 s&#8217;ha aprovat el pressupost per a l&#8217;any 2023. S&#8217;hi han tractat els seg\u00fcents punts: 1.-Modificaci\u00f3 &hellip; <a href=\"https:\/\/bisbalpenedes.com\/web\/2022\/11\/30\/aquest-dimarts-29-de-novembre-sha-celebrat-el-ple-extraordinari-de-pressupostos-el-pressupost-per-a-lany-2023-es-de-6-648-01755e-i-es-destinaran-26-milions-deuros-a-inversions\/\" class=\"more-link\">Read More<\/a><\/p>\n","protected":false},"author":4,"featured_media":24172,"comment_status":"closed","ping_status":"closed","sticky":false,"template":"","format":"standard","meta":[],"categories":[8,2250],"tags":[459,393,1897,1374,423,5635,522],"_links":{"self":[{"href":"https:\/\/bisbalpenedes.com\/web\/wp-json\/wp\/v2\/posts\/24171"}],"collection":[{"href":"https:\/\/bisbalpenedes.com\/web\/wp-json\/wp\/v2\/posts"}],"about":[{"href":"https:\/\/bisbalpenedes.com\/web\/wp-json\/wp\/v2\/types\/post"}],"author":[{"embeddable":true,"href":"https:\/\/bisbalpenedes.com\/web\/wp-json\/wp\/v2\/users\/4"}],"replies":[{"embeddable":true,"href":"https:\/\/bisbalpenedes.com\/web\/wp-json\/wp\/v2\/comments?post=24171"}],"version-history":[{"count":2,"href":"https:\/\/bisbalpenedes.com\/web\/wp-json\/wp\/v2\/posts\/24171\/revisions"}],"predecessor-version":[{"id":24188,"href":"https:\/\/bisbalpenedes.com\/web\/wp-json\/wp\/v2\/posts\/24171\/revisions\/24188"}],"wp:featuredmedia":[{"embeddable":true,"href":"https:\/\/bisbalpenedes.com\/web\/wp-json\/wp\/v2\/media\/24172"}],"wp:attachment":[{"href":"https:\/\/bisbalpenedes.com\/web\/wp-json\/wp\/v2\/media?parent=24171"}],"wp:term":[{"taxonomy":"category","embeddable":true,"href":"https:\/\/bisbalpenedes.com\/web\/wp-json\/wp\/v2\/categories?post=24171"},{"taxonomy":"post_tag","embeddable":true,"href":"https:\/\/bisbalpenedes.com\/web\/wp-json\/wp\/v2\/tags?post=24171"}],"curies":[{"name":"wp","href":"https:\/\/api.w.org\/{rel}","templated":true}]}}