{"id":24167,"date":"2022-11-30T13:02:44","date_gmt":"2022-11-30T11:02:44","guid":{"rendered":"https:\/\/bisbalpenedes.com\/web\/?p=24167"},"modified":"2022-11-30T13:02:44","modified_gmt":"2022-11-30T11:02:44","slug":"sobre-una-convocatoria-per-la-placa-doperari-aria-de-custodia-dedificis-esportius-i-culturals-en-regim-laboral-fix-per-concurs-oposicio-inclosa-en-loferta-publica-docupacio-per-a-l","status":"publish","type":"post","link":"https:\/\/bisbalpenedes.com\/web\/2022\/11\/30\/sobre-una-convocatoria-per-la-placa-doperari-aria-de-custodia-dedificis-esportius-i-culturals-en-regim-laboral-fix-per-concurs-oposicio-inclosa-en-loferta-publica-docupacio-per-a-l\/","title":{"rendered":"S\u2019obre una convocat\u00f2ria per la pla\u00e7a d&#8217;operari\/\u00e0ria de cust\u00f2dia d&#8217;edificis esportius i culturals, en r\u00e8gim laboral fix, per concurs oposici\u00f3, inclosa en l&#8217;oferta p\u00fablica d&#8217;ocupaci\u00f3 per a l&#8217;estabilitzaci\u00f3 de l&#8217;ocupaci\u00f3 temporal a l\u2019Ajuntament de la Bisbal del Pened\u00e8s"},"content":{"rendered":"\n<p>S&#8217;obre la convocat\u00f2ria per a la pla\u00e7a d&#8217;operari\/\u00e0ria de cust\u00f2dia d&#8217;edificis esportius i culturals, en r\u00e8gim laboral fix, per concurs oposici\u00f3, a l&#8217;Ajuntament de la Bisbal del Pened\u00e8s. Es tracta d&#8217;una pla\u00e7a fruit del Pla d&#8217;estabilitzaci\u00f3 de l&#8217;ocupaci\u00f3 temporal.<\/p>\n\n\n\n<p><strong>Termini de presentaci\u00f3 de sol\u00b7licituds:<\/strong> del dimecres 30 de novembre al divendres 30 de desembre, ambd\u00f3s inclosos.<\/p>\n\n\n\n<p><strong>Funcions:<\/strong> obrir i tancar les instal\u00b7lacions esportives i culturals, en coordinaci\u00f3 amb el servei de neteja, conservaci\u00f3 i manteniment b\u00e0sics de les instal\u00b7lacions esportives i culturals; atenci\u00f3 telef\u00f2nica a les instal\u00b7lacions esportives i culturals; atenci\u00f3 als\/les usuaris\/\u00e0ries de les instal\u00b7lacions esportives i culturals; vetllar pel bon \u00fas i el correcte funcionament de les instal\u00b7lacions esportives i culturals, aix\u00ed com per la seguretat; informar als serveis municipals competents de les possibles incid\u00e8ncies i qualsevol altra funci\u00f3 que li sigui encomanada d&#8217;acord amb el seu nivell de titulaci\u00f3 i grup de classificaci\u00f3 professional.<\/p>\n\n\n\n<p><strong>Grup:<\/strong> AP<\/p>\n\n\n\n<p>Enlla\u00e7 al Diari Oficial de la Generalitat (DOGC) amb tota la informaci\u00f3:<\/p>\n\n\n\n<p><a href=\"https:\/\/dogc.gencat.cat\/ca\/document-del-dogc\/?documentId=943686\">https:\/\/dogc.gencat.cat\/ca\/document-del-dogc\/?documentId=943686<\/a><\/p>\n\n\n\n<p>Es crear\u00e0 una borsa de treball amb les persones aspirants que hagin superat el proc\u00e9s selectiu i no resultin nomenades. Ser\u00e0 una borsa per cobrir vacants temporals (com per exemple baixes) o per atendre necessitats urgents.<\/p>\n\n\n\n<hr class=\"wp-block-separator has-alpha-channel-opacity\"\/>\n\n\n\n<p><strong>CASTELLANO | <\/strong>Se abre la convocatoria para la plaza de operario\/a de custodia de edificios deportivos y culturales, en r\u00e9gimen laboral fijo, por concurso oposici\u00f3n, en el Ayuntamiento de la Bisbal del Pened\u00e8s. Se trata de una plaza fruto del Plan de estabilizaci\u00f3n de la ocupaci\u00f3n temporal.<\/p>\n\n\n\n<p><strong>Plazo de presentaci\u00f3n de solicitudes<\/strong>: del mi\u00e9rcoles 30 de noviembre al viernes 30 de diciembre, ambos incluidos.<\/p>\n\n\n\n<p><strong>Funciones<\/strong>: abrir y cerrar las instalaciones deportivas y culturales, en coordinaci\u00f3n con el servicio de limpieza, conservaci\u00f3n y mantenimiento b\u00e1sicos de las instalaciones deportivas y culturales; atenci\u00f3n telef\u00f3nica en las instalaciones deportivas y culturales; atenci\u00f3n a los\/las usuarios\/as de las instalaciones deportivas y culturales; velar por el buen uso y el correcto funcionamiento de las instalaciones deportivas y culturales, as\u00ed como por la seguridad; informar a los servicios municipales competentes de las posibles incidencias y cualquier otra funci\u00f3n que le sea encomendada de acuerdo con su nivel de titulaci\u00f3n y grupo de clasificaci\u00f3n profesional.<\/p>\n\n\n\n<p><strong>Grupo:<\/strong> AP<\/p>\n\n\n\n<p>Enlace al Diario Oficial de la Generalitat (DOGC) con toda la informaci\u00f3n: <a href=\"https:\/\/dogc.gencat.cat\/ca\/document-del-dogc\/?documentId=943686\">https:\/\/dogc.gencat.cat\/ca\/document-del-dogc\/?documentId=943686<\/a><\/p>\n\n\n\n<p>Se crear\u00e1 una bolsa de trabajo con las personas aspirantes que hayan superado el proceso selectivo y no resulten nombradas. Ser\u00e1 una bolsa para cubrir vacantes temporales (como por ejemplo bajas) o para atender necesidades urgentes.<\/p>\n","protected":false},"excerpt":{"rendered":"<p>S&#8217;obre la convocat\u00f2ria per a la pla\u00e7a d&#8217;operari\/\u00e0ria de cust\u00f2dia d&#8217;edificis esportius i culturals, en r\u00e8gim laboral fix, per concurs oposici\u00f3, a l&#8217;Ajuntament de la Bisbal del Pened\u00e8s. Es tracta &hellip; <a href=\"https:\/\/bisbalpenedes.com\/web\/2022\/11\/30\/sobre-una-convocatoria-per-la-placa-doperari-aria-de-custodia-dedificis-esportius-i-culturals-en-regim-laboral-fix-per-concurs-oposicio-inclosa-en-loferta-publica-docupacio-per-a-l\/\" class=\"more-link\">Read More<\/a><\/p>\n","protected":false},"author":4,"featured_media":24168,"comment_status":"closed","ping_status":"closed","sticky":false,"template":"","format":"standard","meta":[],"categories":[2402,8],"tags":[459,5647,5648,393,2030,407],"_links":{"self":[{"href":"https:\/\/bisbalpenedes.com\/web\/wp-json\/wp\/v2\/posts\/24167"}],"collection":[{"href":"https:\/\/bisbalpenedes.com\/web\/wp-json\/wp\/v2\/posts"}],"about":[{"href":"https:\/\/bisbalpenedes.com\/web\/wp-json\/wp\/v2\/types\/post"}],"author":[{"embeddable":true,"href":"https:\/\/bisbalpenedes.com\/web\/wp-json\/wp\/v2\/users\/4"}],"replies":[{"embeddable":true,"href":"https:\/\/bisbalpenedes.com\/web\/wp-json\/wp\/v2\/comments?post=24167"}],"version-history":[{"count":1,"href":"https:\/\/bisbalpenedes.com\/web\/wp-json\/wp\/v2\/posts\/24167\/revisions"}],"predecessor-version":[{"id":24169,"href":"https:\/\/bisbalpenedes.com\/web\/wp-json\/wp\/v2\/posts\/24167\/revisions\/24169"}],"wp:featuredmedia":[{"embeddable":true,"href":"https:\/\/bisbalpenedes.com\/web\/wp-json\/wp\/v2\/media\/24168"}],"wp:attachment":[{"href":"https:\/\/bisbalpenedes.com\/web\/wp-json\/wp\/v2\/media?parent=24167"}],"wp:term":[{"taxonomy":"category","embeddable":true,"href":"https:\/\/bisbalpenedes.com\/web\/wp-json\/wp\/v2\/categories?post=24167"},{"taxonomy":"post_tag","embeddable":true,"href":"https:\/\/bisbalpenedes.com\/web\/wp-json\/wp\/v2\/tags?post=24167"}],"curies":[{"name":"wp","href":"https:\/\/api.w.org\/{rel}","templated":true}]}}