{"id":24159,"date":"2022-11-30T13:00:44","date_gmt":"2022-11-30T11:00:44","guid":{"rendered":"https:\/\/bisbalpenedes.com\/web\/?p=24159"},"modified":"2022-11-30T13:00:44","modified_gmt":"2022-11-30T11:00:44","slug":"sobre-una-convocatoria-per-4-places-de-peo-de-neteja-en-regim-laboral-fix-a-temps-parcial-per-concurs-oposicio-inclosa-en-loferta-publica-docupacio-per-a-lestabilitzacio-de-locupa","status":"publish","type":"post","link":"https:\/\/bisbalpenedes.com\/web\/2022\/11\/30\/sobre-una-convocatoria-per-4-places-de-peo-de-neteja-en-regim-laboral-fix-a-temps-parcial-per-concurs-oposicio-inclosa-en-loferta-publica-docupacio-per-a-lestabilitzacio-de-locupa\/","title":{"rendered":"S\u2019obre una convocat\u00f2ria per 4 places de pe\u00f3 de neteja, en r\u00e8gim laboral fix, a temps parcial, per concurs oposici\u00f3, inclosa en l&#8217;oferta p\u00fablica d&#8217;ocupaci\u00f3 per a l&#8217;estabilitzaci\u00f3 de l&#8217;ocupaci\u00f3 temporal a l\u2019Ajuntament de la Bisbal del Pened\u00e8s"},"content":{"rendered":"\n<p>S\u2019obre una convocat\u00f2ria per 4 placesde pe\u00f3 de neteja, en r\u00e8gim laboral fix, a temps parcial, per concurs oposici\u00f3 a l\u2019Ajuntament de la Bisbal del Pened\u00e8s. Es tracta de places fruit del Pla d\u2019estabilitzaci\u00f3 de l\u2019ocupaci\u00f3 temporal.<\/p>\n\n\n\n<p><strong>Termini de presentaci\u00f3 de sol\u00b7licituds:<\/strong> del dimecres 30 de novembre al divendres 30 de desembre, ambd\u00f3s inclosos.<\/p>\n\n\n\n<p><strong>Funcions: <\/strong>mantenir en adequades condicions d&#8217;\u00fas els espais de les instal\u00b7lacions municipals quant a neteja i higiene; custodiar els instruments i els productes de neteja; mantenir els elements i els productes sanitaris pertinents als diferents edificis municipals; col\u00b7laborar amb les tasques de vigil\u00e0ncia de les instal\u00b7lacions municipals pel que fa a l&#8217;obertura, el tancament i el control d&#8217;accessos; vetllar pel bon funcionament de les instal\u00b7lacions municipals, alertant de les possibles incid\u00e8ncies i qualsevol altra funci\u00f3 que els sigui encomanada d&#8217;acord amb el seu nivell de titulaci\u00f3 i grup de classificaci\u00f3 professional.<\/p>\n\n\n\n<p><strong>Grup:<\/strong> AP<\/p>\n\n\n\n<p>Enlla\u00e7 al Diari Oficial de la Generalitat (DOGC) amb tota la informaci\u00f3:<\/p>\n\n\n\n<p><a href=\"https:\/\/dogc.gencat.cat\/ca\/document-del-dogc\/?documentId=943683\">https:\/\/dogc.gencat.cat\/ca\/document-del-dogc\/?documentId=943683<\/a><\/p>\n\n\n\n<p>Es crear\u00e0 una borsa de treball amb les persones aspirants que hagin superat el proc\u00e9s selectiu i no resultin nomenades. Ser\u00e0 una borsa per cobrir vacants temporals (com per exemple baixes) o per atendre necessitats urgents.<\/p>\n\n\n\n<hr class=\"wp-block-separator has-alpha-channel-opacity\"\/>\n\n\n\n<p><strong>CASTELLANO |<\/strong> Se abre una convocatoria para 4 plazas de pe\u00f3n de limpieza, en r\u00e9gimen laboral fijo, a tiempo parcial, por concurso oposici\u00f3n en el Ayuntamiento de la Bisbal del Pened\u00e8s. Se trata de plazas fruto del Plan de estabilizaci\u00f3n de la ocupaci\u00f3n temporal.<\/p>\n\n\n\n<p><strong>Plazo de presentaci\u00f3n de solicitudes:<\/strong> del mi\u00e9rcoles 30 de noviembre al viernes 30 de diciembre, ambos incluidos.<\/p>\n\n\n\n<p><strong>Funciones:<\/strong> mantener en adecuadas condiciones de uso los espacios de las instalaciones municipales en cuanto a limpieza e higiene; custodiar los instrumentos y los productos de limpieza; mantener los elementos y los productos sanitarios pertinentes en los distintos edificios municipales; colaborar con los trabajos de vigilancia de las instalaciones municipales en cuanto a la apertura, el cierre y el control de accesos; velar por el buen funcionamiento de las instalaciones municipales, alertando de las posibles incidencias y cualquier otra funci\u00f3n que les sea encomendada de acuerdo con su nivel de titulaci\u00f3n y grupo de clasificaci\u00f3n profesional.<\/p>\n\n\n\n<p><strong>Grupo<\/strong>: AP<\/p>\n\n\n\n<p>Enlace al Diario Oficial de la Generalitat (DOGC) con toda la informaci\u00f3n: <a href=\"https:\/\/dogc.gencat.cat\/ca\/document-del-dogc\/?documentId=943683\">https:\/\/dogc.gencat.cat\/ca\/document-del-dogc\/?documentId=943683<\/a><\/p>\n\n\n\n<p>Se crear\u00e1 una bolsa de trabajo con las personas aspirantes que hayan superado el proceso selectivo y no resulten nombradas. Ser\u00e1 una bolsa para cubrir vacantes temporales (como por ejemplo bajas) o para atender necesidades urgentes.<\/p>\n","protected":false},"excerpt":{"rendered":"<p>S\u2019obre una convocat\u00f2ria per 4 placesde pe\u00f3 de neteja, en r\u00e8gim laboral fix, a temps parcial, per concurs oposici\u00f3 a l\u2019Ajuntament de la Bisbal del Pened\u00e8s. Es tracta de places &hellip; <a href=\"https:\/\/bisbalpenedes.com\/web\/2022\/11\/30\/sobre-una-convocatoria-per-4-places-de-peo-de-neteja-en-regim-laboral-fix-a-temps-parcial-per-concurs-oposicio-inclosa-en-loferta-publica-docupacio-per-a-lestabilitzacio-de-locupa\/\" class=\"more-link\">Read More<\/a><\/p>\n","protected":false},"author":4,"featured_media":24164,"comment_status":"closed","ping_status":"closed","sticky":false,"template":"","format":"standard","meta":[],"categories":[2402,8],"tags":[459,383,393,5646,2229],"_links":{"self":[{"href":"https:\/\/bisbalpenedes.com\/web\/wp-json\/wp\/v2\/posts\/24159"}],"collection":[{"href":"https:\/\/bisbalpenedes.com\/web\/wp-json\/wp\/v2\/posts"}],"about":[{"href":"https:\/\/bisbalpenedes.com\/web\/wp-json\/wp\/v2\/types\/post"}],"author":[{"embeddable":true,"href":"https:\/\/bisbalpenedes.com\/web\/wp-json\/wp\/v2\/users\/4"}],"replies":[{"embeddable":true,"href":"https:\/\/bisbalpenedes.com\/web\/wp-json\/wp\/v2\/comments?post=24159"}],"version-history":[{"count":1,"href":"https:\/\/bisbalpenedes.com\/web\/wp-json\/wp\/v2\/posts\/24159\/revisions"}],"predecessor-version":[{"id":24165,"href":"https:\/\/bisbalpenedes.com\/web\/wp-json\/wp\/v2\/posts\/24159\/revisions\/24165"}],"wp:featuredmedia":[{"embeddable":true,"href":"https:\/\/bisbalpenedes.com\/web\/wp-json\/wp\/v2\/media\/24164"}],"wp:attachment":[{"href":"https:\/\/bisbalpenedes.com\/web\/wp-json\/wp\/v2\/media?parent=24159"}],"wp:term":[{"taxonomy":"category","embeddable":true,"href":"https:\/\/bisbalpenedes.com\/web\/wp-json\/wp\/v2\/categories?post=24159"},{"taxonomy":"post_tag","embeddable":true,"href":"https:\/\/bisbalpenedes.com\/web\/wp-json\/wp\/v2\/tags?post=24159"}],"curies":[{"name":"wp","href":"https:\/\/api.w.org\/{rel}","templated":true}]}}