{"id":2415,"date":"2017-05-12T12:12:43","date_gmt":"2017-05-12T06:12:43","guid":{"rendered":"http:\/\/bisbalpenedes.com\/web\/?p=2415"},"modified":"2017-05-15T12:14:04","modified_gmt":"2017-05-15T06:14:04","slug":"aquest-dilluns-15-de-maig-es-duu-a-terme-una-comissio-de-treball-del-pla-estrategic-comarcal-al-cmc-de-la-bisbal","status":"publish","type":"post","link":"https:\/\/bisbalpenedes.com\/web\/2017\/05\/12\/aquest-dilluns-15-de-maig-es-duu-a-terme-una-comissio-de-treball-del-pla-estrategic-comarcal-al-cmc-de-la-bisbal\/","title":{"rendered":"Aquest dilluns 15 de maig es duu a terme una comissi\u00f3 de treball del Pla Estrat\u00e8gic Comarcal al CMC de La Bisbal"},"content":{"rendered":"<p>Aquest dilluns 15 de maig tindr\u00e0 lloc una comissi\u00f3 de treball del Pla Estrat\u00e8gic Comarcal a La Bisbal del Pened\u00e8s. Est\u00e0 oberta a les persones de l\u2019administraci\u00f3 local de la comarca, associacions empresarials, empreses i agents socioecon\u00f2mics (que hagin realitzat la inscripci\u00f3 pr\u00e8via). Comen\u00e7ar\u00e0 a les 19h al CMC i versar\u00e0 sobre Turisme i Comer\u00e7.<\/p>\n<p>L\u2019Ajuntament de La Bisbal del Pened\u00e8s es va adherir l\u2019any passat al pla estrat\u00e8gic comarcal. Durant el 2016 el Consell Comarcal del Baix Pened\u00e8s, en col\u00b7laboraci\u00f3 dels ajuntaments del Vendrell, Calafell, Cunit i l\u2019Arbo\u00e7, va desenvolupar una diagnosi socioecon\u00f2mica i territorial del Baix Pened\u00e8s. D\u2019aquesta diagnosi se\u2019n van derivar estrat\u00e8gies i \u00e0mbits clau d\u2019intervenci\u00f3 que es van organitzar en 8 l\u00ednies diferenciades<\/p>\n<p>-Gesti\u00f3 del territori i preservaci\u00f3 del paisatge<\/p>\n<p>-Millora de la competitivitat dels pol\u00edgons industrials i les infraestructures<\/p>\n<p>-Racionalitzaci\u00f3 de la mobilitat<\/p>\n<p>-Desestacionalitzaci\u00f3 de l\u2019activitat econ\u00f2mica<\/p>\n<p>-Ocupaci\u00f3 i cohesi\u00f3 social<\/p>\n<p>-Impuls a la formaci\u00f3<\/p>\n<p>-Projecci\u00f3 exterior de la comarca i atracci\u00f3 d\u2019inversions<\/p>\n<p>-Governan\u00e7a i identitat<\/p>\n<p>El pla estrat\u00e8gic territorial \u00e9s un exercici anal\u00edtic i prospectiu que aspira, b\u00e0sicament, a respondre dues q\u00fcestions:<\/p>\n<p>1)\u00a0\u00a0\u00a0 Quins han estat els factors hist\u00f2rics que expliquen la configuraci\u00f3 actual del territori, els seus forts i les seves mancances?<\/p>\n<p>2)\u00a0\u00a0\u00a0 Com s\u2019han d\u2019implicar en el disseny del futur comarcal els agents urbans (ciutadans, empreses, institucions, governs locals i altres) per a participar i cooperar en la projecci\u00f3 del conjunt de territori a la comarca?<\/p>\n<p>Les l\u00ednies estrat\u00e8giques de treball pels propers anys i es van fer p\u00fabliques les comissions, que es reuniran dos cops al llarg del primer semestre del 2017:<\/p>\n<p>-Territori<\/p>\n<p>-Formaci\u00f3 i ocupaci\u00f3<\/p>\n<p>-Empresa i ind\u00fastria<\/p>\n<p>-Turisme i comer\u00e7<\/p>\n<p>Per a m\u00e9s informaci\u00f3 us podeu adre\u00e7ar a l\u2019\u00c0rea d\u2019Ocupaci\u00f3, Promoci\u00f3 Econ\u00f2mica i Turisme del Consell Comarcal del Baix Pened\u00e8s, trucar al 977 15 71 71 o escriure un correu electr\u00f2nic a\u00a0<a href=\"mailto:plaestrategic@baixpenedes.cat\">plaestrategic@baixpenedes.cat<\/a>. Tamb\u00e9 podeu entrar al web\u00a0<a href=\"http:\/\/www.ccbp.cat\/\">www.ccbp.cat<\/a>.<\/p>\n","protected":false},"excerpt":{"rendered":"<p>Aquest dilluns 15 de maig tindr\u00e0 lloc una comissi\u00f3 de treball del Pla Estrat\u00e8gic Comarcal a La Bisbal del Pened\u00e8s. Est\u00e0 oberta a les persones de l\u2019administraci\u00f3 local de la &hellip; <a href=\"https:\/\/bisbalpenedes.com\/web\/2017\/05\/12\/aquest-dilluns-15-de-maig-es-duu-a-terme-una-comissio-de-treball-del-pla-estrategic-comarcal-al-cmc-de-la-bisbal\/\" class=\"more-link\">Read More<\/a><\/p>\n","protected":false},"author":4,"featured_media":2304,"comment_status":"closed","ping_status":"closed","sticky":false,"template":"","format":"standard","meta":[],"categories":[4],"tags":[329,396,323,397,328],"_links":{"self":[{"href":"https:\/\/bisbalpenedes.com\/web\/wp-json\/wp\/v2\/posts\/2415"}],"collection":[{"href":"https:\/\/bisbalpenedes.com\/web\/wp-json\/wp\/v2\/posts"}],"about":[{"href":"https:\/\/bisbalpenedes.com\/web\/wp-json\/wp\/v2\/types\/post"}],"author":[{"embeddable":true,"href":"https:\/\/bisbalpenedes.com\/web\/wp-json\/wp\/v2\/users\/4"}],"replies":[{"embeddable":true,"href":"https:\/\/bisbalpenedes.com\/web\/wp-json\/wp\/v2\/comments?post=2415"}],"version-history":[{"count":2,"href":"https:\/\/bisbalpenedes.com\/web\/wp-json\/wp\/v2\/posts\/2415\/revisions"}],"predecessor-version":[{"id":2417,"href":"https:\/\/bisbalpenedes.com\/web\/wp-json\/wp\/v2\/posts\/2415\/revisions\/2417"}],"wp:featuredmedia":[{"embeddable":true,"href":"https:\/\/bisbalpenedes.com\/web\/wp-json\/wp\/v2\/media\/2304"}],"wp:attachment":[{"href":"https:\/\/bisbalpenedes.com\/web\/wp-json\/wp\/v2\/media?parent=2415"}],"wp:term":[{"taxonomy":"category","embeddable":true,"href":"https:\/\/bisbalpenedes.com\/web\/wp-json\/wp\/v2\/categories?post=2415"},{"taxonomy":"post_tag","embeddable":true,"href":"https:\/\/bisbalpenedes.com\/web\/wp-json\/wp\/v2\/tags?post=2415"}],"curies":[{"name":"wp","href":"https:\/\/api.w.org\/{rel}","templated":true}]}}