{"id":24146,"date":"2022-11-29T13:46:01","date_gmt":"2022-11-29T11:46:01","guid":{"rendered":"https:\/\/bisbalpenedes.com\/web\/?p=24146"},"modified":"2022-12-01T11:12:58","modified_gmt":"2022-12-01T09:12:58","slug":"aquest-divendres-inaugurarem-el-pessebre-de-la-rectoria-i-encendrem-els-llums-de-nadal-vine-a-la-festa","status":"publish","type":"post","link":"https:\/\/bisbalpenedes.com\/web\/2022\/11\/29\/aquest-divendres-inaugurarem-el-pessebre-de-la-rectoria-i-encendrem-els-llums-de-nadal-vine-a-la-festa\/","title":{"rendered":"Aquest divendres inaugurarem el pessebre de la rectoria i encendrem els llums de Nadal. Vine a la festa!"},"content":{"rendered":"\n<p>Aquest divendres, us esperem a la pla\u00e7a de l&#8217;Esgl\u00e9sia! A les 17:30h inaugurarem el pessebre del Francesc L\u00f3pez Escolar, tot seguit, farem l&#8217;encesa dels llums de Nadal i una cercavila pels carrers comercials amb el grup Txanqurs.<\/p>\n\n\n\n<hr class=\"wp-block-separator has-alpha-channel-opacity\"\/>\n\n\n\n<p>Este viernes, \u00a1Os esperamos en la plaza de la Iglesia! A las 17:30h inauguraremos el pesebre de Francesc L\u00f3pez Escolar, y a continuaci\u00f3n, haremos el encendido de las luces de Navidad y un pasacalle por las calles comerciales con el grupo Txanqurs.<\/p>\n\n\n\n<p><\/p>\n","protected":false},"excerpt":{"rendered":"<p>Aquest divendres, us esperem a la pla\u00e7a de l&#8217;Esgl\u00e9sia! A les 17:30h inaugurarem el pessebre del Francesc L\u00f3pez Escolar, tot seguit, farem l&#8217;encesa dels llums de Nadal i una cercavila &hellip; <a href=\"https:\/\/bisbalpenedes.com\/web\/2022\/11\/29\/aquest-divendres-inaugurarem-el-pessebre-de-la-rectoria-i-encendrem-els-llums-de-nadal-vine-a-la-festa\/\" class=\"more-link\">Read More<\/a><\/p>\n","protected":false},"author":4,"featured_media":24179,"comment_status":"closed","ping_status":"closed","sticky":false,"template":"","format":"standard","meta":[],"categories":[2942,3860,13,8],"tags":[459,5644,5643,393,2638,95],"_links":{"self":[{"href":"https:\/\/bisbalpenedes.com\/web\/wp-json\/wp\/v2\/posts\/24146"}],"collection":[{"href":"https:\/\/bisbalpenedes.com\/web\/wp-json\/wp\/v2\/posts"}],"about":[{"href":"https:\/\/bisbalpenedes.com\/web\/wp-json\/wp\/v2\/types\/post"}],"author":[{"embeddable":true,"href":"https:\/\/bisbalpenedes.com\/web\/wp-json\/wp\/v2\/users\/4"}],"replies":[{"embeddable":true,"href":"https:\/\/bisbalpenedes.com\/web\/wp-json\/wp\/v2\/comments?post=24146"}],"version-history":[{"count":3,"href":"https:\/\/bisbalpenedes.com\/web\/wp-json\/wp\/v2\/posts\/24146\/revisions"}],"predecessor-version":[{"id":24181,"href":"https:\/\/bisbalpenedes.com\/web\/wp-json\/wp\/v2\/posts\/24146\/revisions\/24181"}],"wp:featuredmedia":[{"embeddable":true,"href":"https:\/\/bisbalpenedes.com\/web\/wp-json\/wp\/v2\/media\/24179"}],"wp:attachment":[{"href":"https:\/\/bisbalpenedes.com\/web\/wp-json\/wp\/v2\/media?parent=24146"}],"wp:term":[{"taxonomy":"category","embeddable":true,"href":"https:\/\/bisbalpenedes.com\/web\/wp-json\/wp\/v2\/categories?post=24146"},{"taxonomy":"post_tag","embeddable":true,"href":"https:\/\/bisbalpenedes.com\/web\/wp-json\/wp\/v2\/tags?post=24146"}],"curies":[{"name":"wp","href":"https:\/\/api.w.org\/{rel}","templated":true}]}}