{"id":24141,"date":"2022-11-28T14:26:34","date_gmt":"2022-11-28T12:26:34","guid":{"rendered":"https:\/\/bisbalpenedes.com\/web\/?p=24141"},"modified":"2022-11-28T14:26:34","modified_gmt":"2022-11-28T12:26:34","slug":"el-raco-de-la-gent-gran-compta-amb-un-nou-voluntari-des-de-fa-unes-setmanes","status":"publish","type":"post","link":"https:\/\/bisbalpenedes.com\/web\/2022\/11\/28\/el-raco-de-la-gent-gran-compta-amb-un-nou-voluntari-des-de-fa-unes-setmanes\/","title":{"rendered":"El Rac\u00f3 de la Gent Gran compta amb un nou voluntari des de fa unes setmanes"},"content":{"rendered":"\n<p>El Rac\u00f3 de la Gent Gran compta, des de fa unes setmanes amb un voluntari. Es tracta del Ricard Vilella, que cada setmana dedica dues tardes, de forma altruista, a la Gent Gran que visita aquest equipament municipal i els proposa diverses activitats.<br>En Ricard va contactar amb la regidora de la Gent Gran, Paqui Cepas, perqu\u00e8 volia fer algun voluntariat. Despr\u00e9s de reunir-se amb ella i amb la Gent Gran, totes les parts van estar d\u2019acord amb el fet que el Ricard pogu\u00e9s oferir activitats com inform\u00e0tica, lectura, jocs per treballar la mem\u00f2ria, etc.<\/p>\n\n\n\n<p>Si, com el Ricard, teniu alguna inquietud per fer un voluntariat al municipi, podeu contactar amb la regidora de la Gent Gran, Benestar Social i Atenci\u00f3 Ciutadana, Paqui Cepas: <a href=\"mailto:paqui@bisbalpenedes.com\" target=\"_blank\" rel=\"noreferrer noopener\">paqui@bisbalpenedes.com<\/a><\/p>\n\n\n\n<hr class=\"wp-block-separator has-alpha-channel-opacity\"\/>\n\n\n\n<figure class=\"wp-block-image size-large\"><img loading=\"lazy\" width=\"1024\" height=\"768\" src=\"https:\/\/bisbalpenedes.com\/web\/wp-content\/uploads\/2022\/11\/VOLUNTARI-GENT-GRAN-2-1024x768.jpeg\" alt=\"\" class=\"wp-image-24143\" srcset=\"https:\/\/bisbalpenedes.com\/web\/wp-content\/uploads\/2022\/11\/VOLUNTARI-GENT-GRAN-2-1024x768.jpeg 1024w, https:\/\/bisbalpenedes.com\/web\/wp-content\/uploads\/2022\/11\/VOLUNTARI-GENT-GRAN-2-300x225.jpeg 300w, https:\/\/bisbalpenedes.com\/web\/wp-content\/uploads\/2022\/11\/VOLUNTARI-GENT-GRAN-2-768x576.jpeg 768w, https:\/\/bisbalpenedes.com\/web\/wp-content\/uploads\/2022\/11\/VOLUNTARI-GENT-GRAN-2-1536x1152.jpeg 1536w, https:\/\/bisbalpenedes.com\/web\/wp-content\/uploads\/2022\/11\/VOLUNTARI-GENT-GRAN-2-600x450.jpeg 600w, https:\/\/bisbalpenedes.com\/web\/wp-content\/uploads\/2022\/11\/VOLUNTARI-GENT-GRAN-2.jpeg 1600w\" sizes=\"(max-width: 1024px) 100vw, 1024px\" \/><\/figure>\n\n\n\n<p><strong>CASTELLANO |\u00a0<\/strong>El Rac\u00f3 de la Gent Gran cuenta, desde hace unas semanas, con un voluntario. Se trata de Ricard Vilella, que cada semana dedica dos tardes, de forma altruista, a la Gente Mayor que visita este equipamiento municipal y les propone varias actividades.<\/p>\n\n\n\n<p>Ricard, contact\u00f3 con la concejala de la Gente Mayor, Paqui Cepas, porque quer\u00eda hacer alg\u00fan voluntariado. Despu\u00e9s de reunirse con ella y con la Gente Mayor, todas las partes estuvieron de acuerdo con que Ricard pudiese ofrecer actividades como inform\u00e1tica, lectura, juegos para trabajar la memoria, etc.<\/p>\n\n\n\n<p>Si, como Ricard, ten\u00e9is alguna inquietud por hacer un voluntariado en el municipio, pod\u00e9is contactar con la concejala de la Gente Mayor, Bienestar Social y Atenci\u00f3n Ciudadana, Paqui Cepas: <a href=\"mailto:paqui@bisbalpenedes.com\" target=\"_blank\" rel=\"noreferrer noopener\">paqui@bisbalpenedes.com<\/a><\/p>\n","protected":false},"excerpt":{"rendered":"<p>El Rac\u00f3 de la Gent Gran compta, des de fa unes setmanes amb un voluntari. Es tracta del Ricard Vilella, que cada setmana dedica dues tardes, de forma altruista, a &hellip; <a href=\"https:\/\/bisbalpenedes.com\/web\/2022\/11\/28\/el-raco-de-la-gent-gran-compta-amb-un-nou-voluntari-des-de-fa-unes-setmanes\/\" class=\"more-link\">Read More<\/a><\/p>\n","protected":false},"author":4,"featured_media":24142,"comment_status":"closed","ping_status":"closed","sticky":false,"template":"","format":"standard","meta":[],"categories":[464,8],"tags":[5642,305,393,1374,2115,3701,1451],"_links":{"self":[{"href":"https:\/\/bisbalpenedes.com\/web\/wp-json\/wp\/v2\/posts\/24141"}],"collection":[{"href":"https:\/\/bisbalpenedes.com\/web\/wp-json\/wp\/v2\/posts"}],"about":[{"href":"https:\/\/bisbalpenedes.com\/web\/wp-json\/wp\/v2\/types\/post"}],"author":[{"embeddable":true,"href":"https:\/\/bisbalpenedes.com\/web\/wp-json\/wp\/v2\/users\/4"}],"replies":[{"embeddable":true,"href":"https:\/\/bisbalpenedes.com\/web\/wp-json\/wp\/v2\/comments?post=24141"}],"version-history":[{"count":1,"href":"https:\/\/bisbalpenedes.com\/web\/wp-json\/wp\/v2\/posts\/24141\/revisions"}],"predecessor-version":[{"id":24144,"href":"https:\/\/bisbalpenedes.com\/web\/wp-json\/wp\/v2\/posts\/24141\/revisions\/24144"}],"wp:featuredmedia":[{"embeddable":true,"href":"https:\/\/bisbalpenedes.com\/web\/wp-json\/wp\/v2\/media\/24142"}],"wp:attachment":[{"href":"https:\/\/bisbalpenedes.com\/web\/wp-json\/wp\/v2\/media?parent=24141"}],"wp:term":[{"taxonomy":"category","embeddable":true,"href":"https:\/\/bisbalpenedes.com\/web\/wp-json\/wp\/v2\/categories?post=24141"},{"taxonomy":"post_tag","embeddable":true,"href":"https:\/\/bisbalpenedes.com\/web\/wp-json\/wp\/v2\/tags?post=24141"}],"curies":[{"name":"wp","href":"https:\/\/api.w.org\/{rel}","templated":true}]}}