{"id":24136,"date":"2022-11-28T12:55:37","date_gmt":"2022-11-28T10:55:37","guid":{"rendered":"https:\/\/bisbalpenedes.com\/web\/?p=24136"},"modified":"2022-11-28T20:37:02","modified_gmt":"2022-11-28T18:37:02","slug":"crida-amb-motiu-del-centenari-de-lescola-bisbalenca-necessitem-imatges-videos-objectes-meterial-records","status":"publish","type":"post","link":"https:\/\/bisbalpenedes.com\/web\/2022\/11\/28\/crida-amb-motiu-del-centenari-de-lescola-bisbalenca-necessitem-imatges-videos-objectes-meterial-records\/","title":{"rendered":"Crida amb motiu del centenari de l&#8217;escola bisbalenca: necessitem imatges, v\u00eddeos, objectes, material, records&#8230;"},"content":{"rendered":"\n<p>Vau anar a l&#8217;escola de la Bisbal? Teniu imatges o v\u00eddeos? Disposeu de material d&#8217;aquella \u00e8poca? Teniu records que us agradaria compartir?<\/p>\n\n\n\n<p>Us estem buscant!<\/p>\n\n\n\n<p>Contacteu amb la&nbsp;Biblioteca p\u00fablica de la Bisbal del Pened\u00e8s&nbsp;o adreceu-vos presencialment a l&#8217;Ajuntament de la Bisbal del Pened\u00e8s per participar en el projecte que estem preparant en el marc del centenari de l&#8217;escola bisbalenca.<\/p>\n\n\n\n<hr class=\"wp-block-separator has-alpha-channel-opacity\"\/>\n\n\n\n<p>\u00bfFuisteis a la escuela de la Bisbal? \u00bfTen\u00e9is im\u00e1genes o v\u00eddeos? \u00bfDispon\u00e9is de material de aquella \u00e9poca? \u00bfTen\u00e9is recuerdos que os gustar\u00eda compartir?<\/p>\n\n\n\n<p>\u00a1Os estamos buscando!<\/p>\n\n\n\n<p>Contactad con la Biblioteca p\u00fablica de la Bisbal del Pened\u00e8s o dirig\u00edos presencialmente al Ayuntamiento de la Bisbal del Pened\u00e8s para participar en el proyecto que estamos preparando en el marco del centenario de la escuela de la Bisbal.<\/p>\n","protected":false},"excerpt":{"rendered":"<p>Vau anar a l&#8217;escola de la Bisbal? Teniu imatges o v\u00eddeos? Disposeu de material d&#8217;aquella \u00e8poca? Teniu records que us agradaria compartir? Us estem buscant! Contacteu amb la&nbsp;Biblioteca p\u00fablica de &hellip; <a href=\"https:\/\/bisbalpenedes.com\/web\/2022\/11\/28\/crida-amb-motiu-del-centenari-de-lescola-bisbalenca-necessitem-imatges-videos-objectes-meterial-records\/\" class=\"more-link\">Read More<\/a><\/p>\n","protected":false},"author":4,"featured_media":24139,"comment_status":"closed","ping_status":"closed","sticky":false,"template":"","format":"standard","meta":[],"categories":[16,8],"tags":[459,593,5641,65,337,393,1374],"_links":{"self":[{"href":"https:\/\/bisbalpenedes.com\/web\/wp-json\/wp\/v2\/posts\/24136"}],"collection":[{"href":"https:\/\/bisbalpenedes.com\/web\/wp-json\/wp\/v2\/posts"}],"about":[{"href":"https:\/\/bisbalpenedes.com\/web\/wp-json\/wp\/v2\/types\/post"}],"author":[{"embeddable":true,"href":"https:\/\/bisbalpenedes.com\/web\/wp-json\/wp\/v2\/users\/4"}],"replies":[{"embeddable":true,"href":"https:\/\/bisbalpenedes.com\/web\/wp-json\/wp\/v2\/comments?post=24136"}],"version-history":[{"count":2,"href":"https:\/\/bisbalpenedes.com\/web\/wp-json\/wp\/v2\/posts\/24136\/revisions"}],"predecessor-version":[{"id":24145,"href":"https:\/\/bisbalpenedes.com\/web\/wp-json\/wp\/v2\/posts\/24136\/revisions\/24145"}],"wp:featuredmedia":[{"embeddable":true,"href":"https:\/\/bisbalpenedes.com\/web\/wp-json\/wp\/v2\/media\/24139"}],"wp:attachment":[{"href":"https:\/\/bisbalpenedes.com\/web\/wp-json\/wp\/v2\/media?parent=24136"}],"wp:term":[{"taxonomy":"category","embeddable":true,"href":"https:\/\/bisbalpenedes.com\/web\/wp-json\/wp\/v2\/categories?post=24136"},{"taxonomy":"post_tag","embeddable":true,"href":"https:\/\/bisbalpenedes.com\/web\/wp-json\/wp\/v2\/tags?post=24136"}],"curies":[{"name":"wp","href":"https:\/\/api.w.org\/{rel}","templated":true}]}}