{"id":24129,"date":"2022-11-28T12:23:07","date_gmt":"2022-11-28T10:23:07","guid":{"rendered":"https:\/\/bisbalpenedes.com\/web\/?p=24129"},"modified":"2022-11-28T12:23:07","modified_gmt":"2022-11-28T10:23:07","slug":"entrevista-al-pessebrista-bisbalenc-francesc-lopez-escolar-podreu-visitar-el-seu-pessebre-a-partir-del-divendres-2-de-desembre-a-la-rectoria","status":"publish","type":"post","link":"https:\/\/bisbalpenedes.com\/web\/2022\/11\/28\/entrevista-al-pessebrista-bisbalenc-francesc-lopez-escolar-podreu-visitar-el-seu-pessebre-a-partir-del-divendres-2-de-desembre-a-la-rectoria\/","title":{"rendered":"Entrevista al pessebrista bisbalenc Francesc L\u00f3pez Escolar &#8211; Podreu visitar el seu pessebre a partir del divendres 2 de desembre a la rectoria"},"content":{"rendered":"\n<p>El proper divendres 2 de desembre obre les portes el pessebre del Francesc L\u00f3pez Escolar, que es podr\u00e0 visitar durant tot el mes de desembre a la rectoria. Aquesta \u00e9s l&#8217;entrevista que li hem fet al pessebrista bisbalenc.<\/p>\n\n\n\n<hr class=\"wp-block-separator has-alpha-channel-opacity\"\/>\n\n\n\n<p>El pr\u00f3ximo viernes 2 de diciembre abre las puertas el pesebre de Francesc L\u00f3pez Escolar, que se podr\u00e1 visitar durante todo el mes de diciembre en la rector\u00eda. Esta es la entrevista que le hemos hecho al pesebrista \ud835\ude23\ud835\ude2a\ud835\ude34\ud835\ude23\ud835\ude22\ud835\ude2d\ud835\ude26\ud835\ude2f\ud835\ude24.<\/p>\n\n\n\n<figure class=\"wp-block-image size-large\"><img loading=\"lazy\" width=\"724\" height=\"1024\" src=\"https:\/\/bisbalpenedes.com\/web\/wp-content\/uploads\/2022\/11\/1-2-724x1024.png\" alt=\"\" class=\"wp-image-24131\" srcset=\"https:\/\/bisbalpenedes.com\/web\/wp-content\/uploads\/2022\/11\/1-2-724x1024.png 724w, https:\/\/bisbalpenedes.com\/web\/wp-content\/uploads\/2022\/11\/1-2-212x300.png 212w, https:\/\/bisbalpenedes.com\/web\/wp-content\/uploads\/2022\/11\/1-2-768x1086.png 768w, https:\/\/bisbalpenedes.com\/web\/wp-content\/uploads\/2022\/11\/1-2-1086x1536.png 1086w, https:\/\/bisbalpenedes.com\/web\/wp-content\/uploads\/2022\/11\/1-2-600x849.png 600w, https:\/\/bisbalpenedes.com\/web\/wp-content\/uploads\/2022\/11\/1-2.png 1414w\" sizes=\"(max-width: 724px) 100vw, 724px\" \/><\/figure>\n\n\n\n<figure class=\"wp-block-image size-large\"><img loading=\"lazy\" width=\"724\" height=\"1024\" src=\"https:\/\/bisbalpenedes.com\/web\/wp-content\/uploads\/2022\/11\/2-2-724x1024.png\" alt=\"\" class=\"wp-image-24132\" srcset=\"https:\/\/bisbalpenedes.com\/web\/wp-content\/uploads\/2022\/11\/2-2-724x1024.png 724w, https:\/\/bisbalpenedes.com\/web\/wp-content\/uploads\/2022\/11\/2-2-212x300.png 212w, https:\/\/bisbalpenedes.com\/web\/wp-content\/uploads\/2022\/11\/2-2-768x1086.png 768w, https:\/\/bisbalpenedes.com\/web\/wp-content\/uploads\/2022\/11\/2-2-1086x1536.png 1086w, https:\/\/bisbalpenedes.com\/web\/wp-content\/uploads\/2022\/11\/2-2-600x849.png 600w, https:\/\/bisbalpenedes.com\/web\/wp-content\/uploads\/2022\/11\/2-2.png 1414w\" sizes=\"(max-width: 724px) 100vw, 724px\" \/><\/figure>\n","protected":false},"excerpt":{"rendered":"<p>El proper divendres 2 de desembre obre les portes el pessebre del Francesc L\u00f3pez Escolar, que es podr\u00e0 visitar durant tot el mes de desembre a la rectoria. Aquesta \u00e9s &hellip; <a href=\"https:\/\/bisbalpenedes.com\/web\/2022\/11\/28\/entrevista-al-pessebrista-bisbalenc-francesc-lopez-escolar-podreu-visitar-el-seu-pessebre-a-partir-del-divendres-2-de-desembre-a-la-rectoria\/\" class=\"more-link\">Read More<\/a><\/p>\n","protected":false},"author":4,"featured_media":24133,"comment_status":"closed","ping_status":"closed","sticky":false,"template":"","format":"standard","meta":[],"categories":[13,8],"tags":[459,5640,393,1374,5639],"_links":{"self":[{"href":"https:\/\/bisbalpenedes.com\/web\/wp-json\/wp\/v2\/posts\/24129"}],"collection":[{"href":"https:\/\/bisbalpenedes.com\/web\/wp-json\/wp\/v2\/posts"}],"about":[{"href":"https:\/\/bisbalpenedes.com\/web\/wp-json\/wp\/v2\/types\/post"}],"author":[{"embeddable":true,"href":"https:\/\/bisbalpenedes.com\/web\/wp-json\/wp\/v2\/users\/4"}],"replies":[{"embeddable":true,"href":"https:\/\/bisbalpenedes.com\/web\/wp-json\/wp\/v2\/comments?post=24129"}],"version-history":[{"count":1,"href":"https:\/\/bisbalpenedes.com\/web\/wp-json\/wp\/v2\/posts\/24129\/revisions"}],"predecessor-version":[{"id":24134,"href":"https:\/\/bisbalpenedes.com\/web\/wp-json\/wp\/v2\/posts\/24129\/revisions\/24134"}],"wp:featuredmedia":[{"embeddable":true,"href":"https:\/\/bisbalpenedes.com\/web\/wp-json\/wp\/v2\/media\/24133"}],"wp:attachment":[{"href":"https:\/\/bisbalpenedes.com\/web\/wp-json\/wp\/v2\/media?parent=24129"}],"wp:term":[{"taxonomy":"category","embeddable":true,"href":"https:\/\/bisbalpenedes.com\/web\/wp-json\/wp\/v2\/categories?post=24129"},{"taxonomy":"post_tag","embeddable":true,"href":"https:\/\/bisbalpenedes.com\/web\/wp-json\/wp\/v2\/tags?post=24129"}],"curies":[{"name":"wp","href":"https:\/\/api.w.org\/{rel}","templated":true}]}}