{"id":24117,"date":"2022-11-24T17:43:25","date_gmt":"2022-11-24T15:43:25","guid":{"rendered":"https:\/\/bisbalpenedes.com\/web\/?p=24117"},"modified":"2022-11-24T17:52:45","modified_gmt":"2022-11-24T15:52:45","slug":"lajuntament-silluminara-de-color-morat-aquest-divendres-amb-motiu-del-25n","status":"publish","type":"post","link":"https:\/\/bisbalpenedes.com\/web\/2022\/11\/24\/lajuntament-silluminara-de-color-morat-aquest-divendres-amb-motiu-del-25n\/","title":{"rendered":"L&#8217;Ajuntament s&#8217;il\u00b7luminar\u00e0 de color morat aquest divendres amb motiu del 25N"},"content":{"rendered":"\n<p>Amb motiu del Dia Internacional per l\u2019eliminaci\u00f3 de la viol\u00e8ncia envers les dones, a les 11h es far\u00e0 una visita a la pintura del dip\u00f2sit d\u2019aigua de la Miralba (carrer Nen\u00fafar, 13), feta per l\u2019artista Jordi Romeu amb la col\u00b7laboraci\u00f3 d\u2019Aqualia. A continuaci\u00f3, es llegir\u00e0 un manifest amb motiu del 25N i, en acabar, hi haur\u00e0 un refrigeri per als assistents.<\/p>\n\n\n\n<p>Al vespre, l\u2019Ajuntament de la Bisbal del Pened\u00e8s s\u2019il\u00b7luminar\u00e0 de color morat amb motiu d\u2019aquesta jornada.<\/p>\n\n\n\n<hr class=\"wp-block-separator has-alpha-channel-opacity\"\/>\n\n\n\n<p><strong>CASTELLANO |<\/strong> Con motivo del D\u00eda Internacional por la eliminaci\u00f3n de la violencia hacia las mujeres, a las 11h se har\u00e1 una visita a la pintura del dep\u00f3sito de agua de la Miralba (calle Nen\u00fafar, 13), realizada por el artista Jordi Romeu con la colaboraci\u00f3n de Aqualia.\u00a0<\/p>\n\n\n\n<p>A continuaci\u00f3n, se leer\u00e1 un manifiesto con motivo del 25N y, al finalizar, habr\u00e1 un refrigerio para los asistentes.<\/p>\n\n\n\n<p>Al anochecer, el Ayuntamiento se iluminar\u00e1 de color morado con motivo de esta jornada.<\/p>\n\n\n\n<figure class=\"wp-block-image size-large\"><img loading=\"lazy\" width=\"724\" height=\"1024\" src=\"https:\/\/bisbalpenedes.com\/web\/wp-content\/uploads\/2022\/11\/VILENCIA_GENERE22_def-724x1024.jpg\" alt=\"\" class=\"wp-image-24017\" srcset=\"https:\/\/bisbalpenedes.com\/web\/wp-content\/uploads\/2022\/11\/VILENCIA_GENERE22_def-724x1024.jpg 724w, https:\/\/bisbalpenedes.com\/web\/wp-content\/uploads\/2022\/11\/VILENCIA_GENERE22_def-212x300.jpg 212w, https:\/\/bisbalpenedes.com\/web\/wp-content\/uploads\/2022\/11\/VILENCIA_GENERE22_def-768x1086.jpg 768w, https:\/\/bisbalpenedes.com\/web\/wp-content\/uploads\/2022\/11\/VILENCIA_GENERE22_def-1086x1536.jpg 1086w, https:\/\/bisbalpenedes.com\/web\/wp-content\/uploads\/2022\/11\/VILENCIA_GENERE22_def-600x849.jpg 600w, https:\/\/bisbalpenedes.com\/web\/wp-content\/uploads\/2022\/11\/VILENCIA_GENERE22_def.jpg 1240w\" sizes=\"(max-width: 724px) 100vw, 724px\" \/><\/figure>\n\n\n\n<p>Enlla\u00e7 a la Declaraci\u00f3 de l&#8217;ACM amb motiu del 25-N\/Enlace a la Delcaraci\u00f3n de la ACM con motivo del 25-N:<\/p>\n\n\n\n<p><a href=\"https:\/\/bisbalpenedes.com\/web\/wp-content\/uploads\/2022\/11\/declaracio_acm_25n2022_dia_internacional_eliminacio_violencia_envers_dones.pdf\">https:\/\/bisbalpenedes.com\/web\/wp-content\/uploads\/2022\/11\/declaracio_acm_25n2022_dia_internacional_eliminacio_violencia_envers_dones.pdf<\/a><\/p>\n","protected":false},"excerpt":{"rendered":"<p>Amb motiu del Dia Internacional per l\u2019eliminaci\u00f3 de la viol\u00e8ncia envers les dones, a les 11h es far\u00e0 una visita a la pintura del dip\u00f2sit d\u2019aigua de la Miralba (carrer &hellip; <a href=\"https:\/\/bisbalpenedes.com\/web\/2022\/11\/24\/lajuntament-silluminara-de-color-morat-aquest-divendres-amb-motiu-del-25n\/\" class=\"more-link\">Read More<\/a><\/p>\n","protected":false},"author":4,"featured_media":24118,"comment_status":"closed","ping_status":"closed","sticky":false,"template":"","format":"standard","meta":[],"categories":[2942,3851,8],"tags":[4224,459,5638,3385,393,1374],"_links":{"self":[{"href":"https:\/\/bisbalpenedes.com\/web\/wp-json\/wp\/v2\/posts\/24117"}],"collection":[{"href":"https:\/\/bisbalpenedes.com\/web\/wp-json\/wp\/v2\/posts"}],"about":[{"href":"https:\/\/bisbalpenedes.com\/web\/wp-json\/wp\/v2\/types\/post"}],"author":[{"embeddable":true,"href":"https:\/\/bisbalpenedes.com\/web\/wp-json\/wp\/v2\/users\/4"}],"replies":[{"embeddable":true,"href":"https:\/\/bisbalpenedes.com\/web\/wp-json\/wp\/v2\/comments?post=24117"}],"version-history":[{"count":3,"href":"https:\/\/bisbalpenedes.com\/web\/wp-json\/wp\/v2\/posts\/24117\/revisions"}],"predecessor-version":[{"id":24122,"href":"https:\/\/bisbalpenedes.com\/web\/wp-json\/wp\/v2\/posts\/24117\/revisions\/24122"}],"wp:featuredmedia":[{"embeddable":true,"href":"https:\/\/bisbalpenedes.com\/web\/wp-json\/wp\/v2\/media\/24118"}],"wp:attachment":[{"href":"https:\/\/bisbalpenedes.com\/web\/wp-json\/wp\/v2\/media?parent=24117"}],"wp:term":[{"taxonomy":"category","embeddable":true,"href":"https:\/\/bisbalpenedes.com\/web\/wp-json\/wp\/v2\/categories?post=24117"},{"taxonomy":"post_tag","embeddable":true,"href":"https:\/\/bisbalpenedes.com\/web\/wp-json\/wp\/v2\/tags?post=24117"}],"curies":[{"name":"wp","href":"https:\/\/api.w.org\/{rel}","templated":true}]}}