{"id":2411,"date":"2017-05-11T21:17:31","date_gmt":"2017-05-11T15:17:31","guid":{"rendered":"http:\/\/bisbalpenedes.com\/web\/?p=2411"},"modified":"2017-05-11T21:17:31","modified_gmt":"2017-05-11T15:17:31","slug":"sha-obert-la-convocatoria-per-presentar-propostes-per-a-la-redaccio-del-projecte-de-rehabilitacio-del-poliesportiu-municipal","status":"publish","type":"post","link":"https:\/\/bisbalpenedes.com\/web\/2017\/05\/11\/sha-obert-la-convocatoria-per-presentar-propostes-per-a-la-redaccio-del-projecte-de-rehabilitacio-del-poliesportiu-municipal\/","title":{"rendered":"S\u2019ha obert la convocat\u00f2ria per presentar propostes per a la redacci\u00f3 del projecte de rehabilitaci\u00f3 del Poliesportiu Municipal"},"content":{"rendered":"<p>S\u2019ha obert la convocat\u00f2ria per presentar propostes per a la redacci\u00f3 del projecte de rehabilitaci\u00f3 del Poliesportiu Municipal a proposta de la Regidoria d\u2019Esports. Aquesta convocat\u00f2ria, que \u00e9s de car\u00e0cter obert, t\u00e9 un preu de licitaci\u00f3 de 80.459,51 \u20ac (sense IVA) i s\u2019hi poden presentar propostes fins al 31 de maig.<\/p>\n<p>Es tracta d\u2019una convocat\u00f2ria per a la redacci\u00f3 del projecte i la direcci\u00f3 de les obres de rehabilitaci\u00f3 de la zona esportiva municipal segons la idea guanyadora del concurs que es va realitzar el 2016, incorporant una millora a la idea, que \u00e9s cobrir un terrat de la primera planta (sobre l\u2019actual bar) per ubicar-hi despatxos, sales i serveis per a les entitats del municipi.<\/p>\n<p>La Mesa de contractaci\u00f3, que es reunir\u00e0 durant el mes de juny, ser\u00e0 qui valori les propostes de projectes presentades, segons els criteris de valoraci\u00f3 establerts al plec de cl\u00e0usules, que es pot consultar al seg\u00fcent enlla\u00e7: <a href=\"http:\/\/sae.altanet.org\/houmuni\/web\/bisbalpenedes\/pdc\/view.php?ID=603\">http:\/\/sae.altanet.org\/houmuni\/web\/bisbalpenedes\/pdc\/view.php?ID=603<\/a><\/p>\n<p>Les instal\u00b7lacions del Poliesportiu Municipal van construir-se a principis dels anys 70 i no s\u2019han reformat\u00a0 ni actualitzat a la normativa durant aquests anys, tot i que l\u2019Ajuntament el va adquirir per permuta el 2011.<\/p>\n","protected":false},"excerpt":{"rendered":"<p>S\u2019ha obert la convocat\u00f2ria per presentar propostes per a la redacci\u00f3 del projecte de rehabilitaci\u00f3 del Poliesportiu Municipal a proposta de la Regidoria d\u2019Esports. Aquesta convocat\u00f2ria, que \u00e9s de car\u00e0cter &hellip; <a href=\"https:\/\/bisbalpenedes.com\/web\/2017\/05\/11\/sha-obert-la-convocatoria-per-presentar-propostes-per-a-la-redaccio-del-projecte-de-rehabilitacio-del-poliesportiu-municipal\/\" class=\"more-link\">Read More<\/a><\/p>\n","protected":false},"author":4,"featured_media":2355,"comment_status":"closed","ping_status":"closed","sticky":false,"template":"","format":"standard","meta":[],"categories":[19],"tags":[383,395,368,393,204,394],"_links":{"self":[{"href":"https:\/\/bisbalpenedes.com\/web\/wp-json\/wp\/v2\/posts\/2411"}],"collection":[{"href":"https:\/\/bisbalpenedes.com\/web\/wp-json\/wp\/v2\/posts"}],"about":[{"href":"https:\/\/bisbalpenedes.com\/web\/wp-json\/wp\/v2\/types\/post"}],"author":[{"embeddable":true,"href":"https:\/\/bisbalpenedes.com\/web\/wp-json\/wp\/v2\/users\/4"}],"replies":[{"embeddable":true,"href":"https:\/\/bisbalpenedes.com\/web\/wp-json\/wp\/v2\/comments?post=2411"}],"version-history":[{"count":2,"href":"https:\/\/bisbalpenedes.com\/web\/wp-json\/wp\/v2\/posts\/2411\/revisions"}],"predecessor-version":[{"id":2413,"href":"https:\/\/bisbalpenedes.com\/web\/wp-json\/wp\/v2\/posts\/2411\/revisions\/2413"}],"wp:featuredmedia":[{"embeddable":true,"href":"https:\/\/bisbalpenedes.com\/web\/wp-json\/wp\/v2\/media\/2355"}],"wp:attachment":[{"href":"https:\/\/bisbalpenedes.com\/web\/wp-json\/wp\/v2\/media?parent=2411"}],"wp:term":[{"taxonomy":"category","embeddable":true,"href":"https:\/\/bisbalpenedes.com\/web\/wp-json\/wp\/v2\/categories?post=2411"},{"taxonomy":"post_tag","embeddable":true,"href":"https:\/\/bisbalpenedes.com\/web\/wp-json\/wp\/v2\/tags?post=2411"}],"curies":[{"name":"wp","href":"https:\/\/api.w.org\/{rel}","templated":true}]}}