{"id":24106,"date":"2022-11-24T14:34:36","date_gmt":"2022-11-24T12:34:36","guid":{"rendered":"https:\/\/bisbalpenedes.com\/web\/?p=24106"},"modified":"2022-11-24T14:34:36","modified_gmt":"2022-11-24T12:34:36","slug":"sadjudiquen-provisionalment-les-obres-de-construccio-i-rehabilitacio-de-la-fassina","status":"publish","type":"post","link":"https:\/\/bisbalpenedes.com\/web\/2022\/11\/24\/sadjudiquen-provisionalment-les-obres-de-construccio-i-rehabilitacio-de-la-fassina\/","title":{"rendered":"S&#8217;adjudiquen provisionalment les obres de construcci\u00f3 i rehabilitaci\u00f3 de la fassina"},"content":{"rendered":"\n<p>La Junta de govern del dilluns 21 de novembre ha aprovat l&#8217;adjudicaci\u00f3 provisional de les obres de construcci\u00f3 i rehabilitaci\u00f3 de la fassina a l&#8217;empresa Construcciones Asensio S.A., la mateixa empresa adjudicat\u00e0ria de les obres de la primera fase del poliesportiu municipal.<\/p>\n\n\n\n<p>L&#8217;obra de construcci\u00f3 i rehabilitaci\u00f3 de la fassina s&#8217;ha adjudicat per 694.204,19\u20ac (IVA incl\u00f2s) i els treballs s&#8217;hauran de dur a terme en 6 mesos. A partir del moment en qu\u00e8 l&#8217;empresa rebi la notificaci\u00f3 de l&#8217;adjudicaci\u00f3, tindr\u00e0 deu dies h\u00e0bils per presentar la documentaci\u00f3 i la garantia i, aleshores, ja es podr\u00e0 adjudicar definitivament el contracte.<\/p>\n\n\n\n<p>Com que l&#8217;aprovaci\u00f3 es va fer amb compet\u00e8ncia delegada del Ple, hem publicat el v\u00eddeo amb l&#8217;explicaci\u00f3 i la votaci\u00f3 d&#8217;aquest punt: <\/p>\n\n\n\n<figure class=\"wp-block-embed is-type-video is-provider-youtube wp-block-embed-youtube wp-embed-aspect-16-9 wp-has-aspect-ratio\"><div class=\"wp-block-embed__wrapper\">\n<iframe loading=\"lazy\" title=\"Proposta de l\u2019Ordre del dia de la Junta de Govern del 21\/11\/2022 amb compet\u00e8ncia delegada del Ple\" width=\"1170\" height=\"658\" src=\"https:\/\/www.youtube.com\/embed\/1C_VYqISR1w?feature=oembed\" frameborder=\"0\" allow=\"accelerometer; autoplay; clipboard-write; encrypted-media; gyroscope; picture-in-picture\" allowfullscreen><\/iframe>\n<\/div><\/figure>\n\n\n\n<hr class=\"wp-block-separator has-alpha-channel-opacity\"\/>\n\n\n\n<p><strong>CASTELLANO |<\/strong> La Junta de gobierno del lunes 21 de noviembre ha aprobado la adjudicaci\u00f3n provisional de las obras de construcci\u00f3n y rehabilitaci\u00f3n de la <em>fassina<\/em> a la empresa Construcciones Asensio S.A., la misma empresa adjudicataria de las obras de la primera fase del polideportivo municipal.<\/p>\n\n\n\n<p>La obra de construcci\u00f3n y rehabilitaci\u00f3n de la <em>fassina<\/em> se ha adjudicado por 694.204,19\u20ac (IVA incluido) y los trabajos tendr\u00e1n que llevarse a cabo en 6 meses. A partir del momento en el que la empresa reciba la notificaci\u00f3n de la adjudicaci\u00f3n, tendr\u00e1 diez d\u00edas h\u00e1biles para presentar la documentaci\u00f3n y la garant\u00eda y, entonces, ya se podr\u00e1 adjudicar definitivamente el contrato.<\/p>\n\n\n\n<p>Como la aprobaci\u00f3n se hizo con competencia delegada del Ple, hemos publicado el v\u00eddeo con la explicaci\u00f3n y la votaci\u00f3n de este punto: <\/p>\n\n\n\n<figure class=\"wp-block-embed is-type-video is-provider-youtube wp-block-embed-youtube wp-embed-aspect-16-9 wp-has-aspect-ratio\"><div class=\"wp-block-embed__wrapper\">\n<iframe loading=\"lazy\" title=\"Proposta de l\u2019Ordre del dia de la Junta de Govern del 21\/11\/2022 amb compet\u00e8ncia delegada del Ple\" width=\"1170\" height=\"658\" src=\"https:\/\/www.youtube.com\/embed\/1C_VYqISR1w?feature=oembed\" frameborder=\"0\" allow=\"accelerometer; autoplay; clipboard-write; encrypted-media; gyroscope; picture-in-picture\" allowfullscreen><\/iframe>\n<\/div><\/figure>\n","protected":false},"excerpt":{"rendered":"<p>La Junta de govern del dilluns 21 de novembre ha aprovat l&#8217;adjudicaci\u00f3 provisional de les obres de construcci\u00f3 i rehabilitaci\u00f3 de la fassina a l&#8217;empresa Construcciones Asensio S.A., la mateixa &hellip; <a href=\"https:\/\/bisbalpenedes.com\/web\/2022\/11\/24\/sadjudiquen-provisionalment-les-obres-de-construccio-i-rehabilitacio-de-la-fassina\/\" class=\"more-link\">Read More<\/a><\/p>\n","protected":false},"author":4,"featured_media":24108,"comment_status":"closed","ping_status":"closed","sticky":false,"template":"","format":"standard","meta":[],"categories":[13,8],"tags":[1358,393,3504,21],"_links":{"self":[{"href":"https:\/\/bisbalpenedes.com\/web\/wp-json\/wp\/v2\/posts\/24106"}],"collection":[{"href":"https:\/\/bisbalpenedes.com\/web\/wp-json\/wp\/v2\/posts"}],"about":[{"href":"https:\/\/bisbalpenedes.com\/web\/wp-json\/wp\/v2\/types\/post"}],"author":[{"embeddable":true,"href":"https:\/\/bisbalpenedes.com\/web\/wp-json\/wp\/v2\/users\/4"}],"replies":[{"embeddable":true,"href":"https:\/\/bisbalpenedes.com\/web\/wp-json\/wp\/v2\/comments?post=24106"}],"version-history":[{"count":3,"href":"https:\/\/bisbalpenedes.com\/web\/wp-json\/wp\/v2\/posts\/24106\/revisions"}],"predecessor-version":[{"id":24110,"href":"https:\/\/bisbalpenedes.com\/web\/wp-json\/wp\/v2\/posts\/24106\/revisions\/24110"}],"wp:featuredmedia":[{"embeddable":true,"href":"https:\/\/bisbalpenedes.com\/web\/wp-json\/wp\/v2\/media\/24108"}],"wp:attachment":[{"href":"https:\/\/bisbalpenedes.com\/web\/wp-json\/wp\/v2\/media?parent=24106"}],"wp:term":[{"taxonomy":"category","embeddable":true,"href":"https:\/\/bisbalpenedes.com\/web\/wp-json\/wp\/v2\/categories?post=24106"},{"taxonomy":"post_tag","embeddable":true,"href":"https:\/\/bisbalpenedes.com\/web\/wp-json\/wp\/v2\/tags?post=24106"}],"curies":[{"name":"wp","href":"https:\/\/api.w.org\/{rel}","templated":true}]}}