{"id":24103,"date":"2022-11-24T13:31:40","date_gmt":"2022-11-24T11:31:40","guid":{"rendered":"https:\/\/bisbalpenedes.com\/web\/?p=24103"},"modified":"2022-11-24T13:31:40","modified_gmt":"2022-11-24T11:31:40","slug":"sinicien-tractaments-aeris-de-control-de-la-processionaria-del-pi","status":"publish","type":"post","link":"https:\/\/bisbalpenedes.com\/web\/2022\/11\/24\/sinicien-tractaments-aeris-de-control-de-la-processionaria-del-pi\/","title":{"rendered":"S&#8217;inicien tractaments aeris de control de la procession\u00e0ria  del pi"},"content":{"rendered":"\n<p>El Departament d&#8217;acci\u00f3 clim\u00e0tica, alimentaci\u00f3 i agenda rural de la Generalitat de Catalunya ens ha comunicat que, aquesta setmana, inicia la campanya de tractaments aeris de control de la procession\u00e0ria del pi que, enguany, inclou unes 40ha del municipi. La previsi\u00f3, segons ens van indicar, era comen\u00e7ar a finals d&#8217;aquesta setmana, sempre que les condicions climatol\u00f2giques ho permetessin.<\/p>\n\n\n\n<p>Els tractaments que es duen a terme consisteixen en l&#8217;aplicaci\u00f3 a ultra baix volum (3 l\/ha) del producte biol\u00f2gic Bacillus thuringiensis kurstaki.<\/p>\n\n\n\n<p>Per a m\u00e9s informaci\u00f3, podeu accedir al seg\u00fcent enlla\u00e7: <a href=\"https:\/\/agricultura.gencat.cat\/ca\/ambits\/agricultura\/dar_sanitat_vegetal_nou\/mitjans-defensa-fitosanitaria\/us-sostenible-productes\/aplicacions-aeries\/\">https:\/\/agricultura.gencat.cat\/ca\/ambits\/agricultura\/dar_sanitat_vegetal_nou\/mitjans-defensa-fitosanitaria\/us-sostenible-productes\/aplicacions-aeries\/<\/a><\/p>\n\n\n\n<hr class=\"wp-block-separator has-alpha-channel-opacity\"\/>\n\n\n\n<p><strong>CASTELLANO |<\/strong> El Departamento de acci\u00f3n clim\u00e1tica, alimentaci\u00f3n y agenda rural de la Generalitat de Catalunya nos ha comunicado que, esta semana, inicia la campa\u00f1a de tratamientos a\u00e9reos de control de la procesionaria del pino que, este a\u00f1o, incluye unas 40ha del municipio. La previsi\u00f3n, seg\u00fan nos indicaron, era empezar a finales de esta semana, siempre que las condiciones climatol\u00f3gicas lo permitiesen.<\/p>\n\n\n\n<p>Los tratamientos que se llevan a cabo consisten en la aplicaci\u00f3n a ultra bajo volumen (3 l\/ha) del producto biol\u00f3gico Bacillus thuringiensis kurstaki.<\/p>\n\n\n\n<p>Para m\u00e1s informaci\u00f3n, pod\u00e9is acceder al siguiente enlace: <a href=\"https:\/\/agricultura.gencat.cat\/ca\/ambits\/agricultura\/dar_sanitat_vegetal_nou\/mitjans-defensa-fitosanitaria\/us-sostenible-productes\/aplicacions-aeries\/\">https:\/\/agricultura.gencat.cat\/ca\/ambits\/agricultura\/dar_sanitat_vegetal_nou\/mitjans-defensa-fitosanitaria\/us-sostenible-productes\/aplicacions-aeries\/<\/a><\/p>\n","protected":false},"excerpt":{"rendered":"<p>El Departament d&#8217;acci\u00f3 clim\u00e0tica, alimentaci\u00f3 i agenda rural de la Generalitat de Catalunya ens ha comunicat que, aquesta setmana, inicia la campanya de tractaments aeris de control de la procession\u00e0ria &hellip; <a href=\"https:\/\/bisbalpenedes.com\/web\/2022\/11\/24\/sinicien-tractaments-aeris-de-control-de-la-processionaria-del-pi\/\" class=\"more-link\">Read More<\/a><\/p>\n","protected":false},"author":4,"featured_media":24104,"comment_status":"closed","ping_status":"closed","sticky":false,"template":"","format":"standard","meta":[],"categories":[32,8],"tags":[459,393,1374,5637],"_links":{"self":[{"href":"https:\/\/bisbalpenedes.com\/web\/wp-json\/wp\/v2\/posts\/24103"}],"collection":[{"href":"https:\/\/bisbalpenedes.com\/web\/wp-json\/wp\/v2\/posts"}],"about":[{"href":"https:\/\/bisbalpenedes.com\/web\/wp-json\/wp\/v2\/types\/post"}],"author":[{"embeddable":true,"href":"https:\/\/bisbalpenedes.com\/web\/wp-json\/wp\/v2\/users\/4"}],"replies":[{"embeddable":true,"href":"https:\/\/bisbalpenedes.com\/web\/wp-json\/wp\/v2\/comments?post=24103"}],"version-history":[{"count":1,"href":"https:\/\/bisbalpenedes.com\/web\/wp-json\/wp\/v2\/posts\/24103\/revisions"}],"predecessor-version":[{"id":24105,"href":"https:\/\/bisbalpenedes.com\/web\/wp-json\/wp\/v2\/posts\/24103\/revisions\/24105"}],"wp:featuredmedia":[{"embeddable":true,"href":"https:\/\/bisbalpenedes.com\/web\/wp-json\/wp\/v2\/media\/24104"}],"wp:attachment":[{"href":"https:\/\/bisbalpenedes.com\/web\/wp-json\/wp\/v2\/media?parent=24103"}],"wp:term":[{"taxonomy":"category","embeddable":true,"href":"https:\/\/bisbalpenedes.com\/web\/wp-json\/wp\/v2\/categories?post=24103"},{"taxonomy":"post_tag","embeddable":true,"href":"https:\/\/bisbalpenedes.com\/web\/wp-json\/wp\/v2\/tags?post=24103"}],"curies":[{"name":"wp","href":"https:\/\/api.w.org\/{rel}","templated":true}]}}