{"id":24099,"date":"2022-11-24T13:19:38","date_gmt":"2022-11-24T11:19:38","guid":{"rendered":"https:\/\/bisbalpenedes.com\/web\/?p=24099"},"modified":"2022-11-24T13:19:38","modified_gmt":"2022-11-24T11:19:38","slug":"saprova-lincrement-salarial-de-l15-a-la-nomina-del-personal-funcionari-laboral-de-lajuntament","status":"publish","type":"post","link":"https:\/\/bisbalpenedes.com\/web\/2022\/11\/24\/saprova-lincrement-salarial-de-l15-a-la-nomina-del-personal-funcionari-laboral-de-lajuntament\/","title":{"rendered":"S&#8217;aprova l&#8217;increment salarial de l&#8217;1,5% a la n\u00f2mina del personal funcionari laboral de l&#8217;Ajuntament"},"content":{"rendered":"\n<p>Aquest dimecres 23 de novembre s&#8217;ha celebrat la mesa de negociaci\u00f3 del personal municipal i, durant aquesta, s&#8217;ha aprovat l&#8217;increment retributiu de l&#8217;1,5% a la n\u00f2mina del personal funcionari laboral de l&#8217;Ajuntament. Es tracta de la pujada de l&#8217;import de les n\u00f2mines dels empleats p\u00fablics que va aprovar el Consell de Ministres el passat mes d&#8217;octubre amb l&#8217;objectiu de mitigar l&#8217;impacte de la inflaci\u00f3.<\/p>\n\n\n\n<p>Aquest increment salarial \u00e9s de car\u00e0cter retroactiu i es consolida en aquest any 2022. Els treballadors i treballadores municipals rebran aquest increment en la n\u00f2mina d&#8217;aquest mes de novembre, juntament amb l&#8217;increment corresponent de gener a octubre.<\/p>\n\n\n\n<hr class=\"wp-block-separator has-alpha-channel-opacity\"\/>\n\n\n\n<p><strong>CASTELLANO |<\/strong> Este mi\u00e9rcoles 23 de noviembre se ha celebrado la mesa de negociaci\u00f3n del personal municipal y, durante la misma, se ha aprobado el incremento retributivo del 1,5% en la n\u00f3mina del personal funcionario laboral del Ayuntamiento. Se trata de la subida del importe de las n\u00f3minas de los empleados p\u00fablicos que aprob\u00f3 el Consejo de Ministros el pasado mes de octubre, con el objetivo de mitigar el impacto de la inflaci\u00f3n.<\/p>\n\n\n\n<p>Este incremento salarial es de car\u00e1cter retroactivo y se consolida en este a\u00f1o 2022. Los trabajadores y trabajadoras municipales recibir\u00e1n este incremento en la n\u00f3mina de este mes de noviembre, junto con el incremento correspondiente de enero a octubre.<\/p>\n","protected":false},"excerpt":{"rendered":"<p>Aquest dimecres 23 de novembre s&#8217;ha celebrat la mesa de negociaci\u00f3 del personal municipal i, durant aquesta, s&#8217;ha aprovat l&#8217;increment retributiu de l&#8217;1,5% a la n\u00f2mina del personal funcionari laboral &hellip; <a href=\"https:\/\/bisbalpenedes.com\/web\/2022\/11\/24\/saprova-lincrement-salarial-de-l15-a-la-nomina-del-personal-funcionari-laboral-de-lajuntament\/\" class=\"more-link\">Read More<\/a><\/p>\n","protected":false},"author":4,"featured_media":24100,"comment_status":"closed","ping_status":"closed","sticky":false,"template":"","format":"standard","meta":[],"categories":[2402,8],"tags":[459,1725,4122,393,5636,1137],"_links":{"self":[{"href":"https:\/\/bisbalpenedes.com\/web\/wp-json\/wp\/v2\/posts\/24099"}],"collection":[{"href":"https:\/\/bisbalpenedes.com\/web\/wp-json\/wp\/v2\/posts"}],"about":[{"href":"https:\/\/bisbalpenedes.com\/web\/wp-json\/wp\/v2\/types\/post"}],"author":[{"embeddable":true,"href":"https:\/\/bisbalpenedes.com\/web\/wp-json\/wp\/v2\/users\/4"}],"replies":[{"embeddable":true,"href":"https:\/\/bisbalpenedes.com\/web\/wp-json\/wp\/v2\/comments?post=24099"}],"version-history":[{"count":1,"href":"https:\/\/bisbalpenedes.com\/web\/wp-json\/wp\/v2\/posts\/24099\/revisions"}],"predecessor-version":[{"id":24101,"href":"https:\/\/bisbalpenedes.com\/web\/wp-json\/wp\/v2\/posts\/24099\/revisions\/24101"}],"wp:featuredmedia":[{"embeddable":true,"href":"https:\/\/bisbalpenedes.com\/web\/wp-json\/wp\/v2\/media\/24100"}],"wp:attachment":[{"href":"https:\/\/bisbalpenedes.com\/web\/wp-json\/wp\/v2\/media?parent=24099"}],"wp:term":[{"taxonomy":"category","embeddable":true,"href":"https:\/\/bisbalpenedes.com\/web\/wp-json\/wp\/v2\/categories?post=24099"},{"taxonomy":"post_tag","embeddable":true,"href":"https:\/\/bisbalpenedes.com\/web\/wp-json\/wp\/v2\/tags?post=24099"}],"curies":[{"name":"wp","href":"https:\/\/api.w.org\/{rel}","templated":true}]}}