{"id":24090,"date":"2022-11-23T21:05:18","date_gmt":"2022-11-23T19:05:18","guid":{"rendered":"https:\/\/bisbalpenedes.com\/web\/?p=24090"},"modified":"2022-11-23T21:05:18","modified_gmt":"2022-11-23T19:05:18","slug":"aquest-divendres-la-baixpenedesenca-nati-soler-presentara-el-seu-llibre-al-centre-municipal-de-cultura-en-el-marc-del-cicle-biblioteques-amb-do","status":"publish","type":"post","link":"https:\/\/bisbalpenedes.com\/web\/2022\/11\/23\/aquest-divendres-la-baixpenedesenca-nati-soler-presentara-el-seu-llibre-al-centre-municipal-de-cultura-en-el-marc-del-cicle-biblioteques-amb-do\/","title":{"rendered":"Aquest divendres la baixpenedesenca Nati Soler presentar\u00e0 el seu llibre al Centre Municipal de Cultura en el marc del cicle Biblioteques amb DO"},"content":{"rendered":"\n<p>La Biblioteca p\u00fablica de la Bisbal del Pened\u00e8s tancar\u00e0 el cicle de &#8216;Biblioteques amb DO&#8217; el proper divendres, a les 19h, amb una presentaci\u00f3 molt especial.<\/p>\n\n\n\n<p>Es tracta d&#8217;una proposta liter\u00e0ria baixpedesenca que reinterpreta les flors (del llibre &#8216;Viatges i Flors&#8217;) de Merc\u00e8 Rodoreda. Hi trobarem Camil\u00b7la P\u00e9rez Salv\u00e0 imaginant-se com podien ser aquelles flors inventades per la Merc\u00e8 Rodoreda, a les quals la Nati Soler Alcaide els va posar text i veu. M\u00e9s tard la Carlota Baldr\u00eds els pos\u00e0 melodia i el Grup de Teatre Inestable del Vendrell els hi don\u00e0 vida.<\/p>\n\n\n\n<hr class=\"wp-block-separator has-alpha-channel-opacity\"\/>\n\n\n\n<p><strong>CASTELLANO | <\/strong>La Biblioteca p\u00fablica de la Bisbal del Pened\u00e8s cerrar\u00e1 el ciclo de \u2018Biblioteques amb DO\u2019 el pr\u00f3ximo viernes, con un presentaci\u00f3n muy especial\u2026<\/p>\n\n\n\n<p>Se trata de una propuesta literaria \ud835\ude23\ud835\ude22\ud835\ude2a\ud835\ude39\ud835\ude31\ud835\ude26\ud835\ude2f\ud835\ude26\ud835\ude25\ud835\ude26\ud835\ude34\ud835\ude26\ud835\ude2f\ud835\ude24\ud835\ude22 que reinterpreta las flores (del libro \u2018Viajes y Flores\u2019) de Merc\u00e8 Rodoreda. Nos encontraremos con Camil\u00b7la P\u00e9rez Salv\u00e0 imagin\u00e1ndose c\u00f3mo pod\u00edan ser aquellas flores inventadas por Merc\u00e8 Rodoreda, a las que Nati Soler Alcaide les puso texto y voz. M\u00e1s tarde, Carlota Baldr\u00eds les puso melod\u00eda y el Grupo de Teatro Inestable del Vendrell les dio vida.<\/p>\n","protected":false},"excerpt":{"rendered":"<p>La Biblioteca p\u00fablica de la Bisbal del Pened\u00e8s tancar\u00e0 el cicle de &#8216;Biblioteques amb DO&#8217; el proper divendres, a les 19h, amb una presentaci\u00f3 molt especial. Es tracta d&#8217;una proposta &hellip; <a href=\"https:\/\/bisbalpenedes.com\/web\/2022\/11\/23\/aquest-divendres-la-baixpenedesenca-nati-soler-presentara-el-seu-llibre-al-centre-municipal-de-cultura-en-el-marc-del-cicle-biblioteques-amb-do\/\" class=\"more-link\">Read More<\/a><\/p>\n","protected":false},"author":4,"featured_media":24076,"comment_status":"closed","ping_status":"closed","sticky":false,"template":"","format":"standard","meta":[],"categories":[2942,13,8],"tags":[459,5632,5634,5630,5633,393,5631,5187,1374],"_links":{"self":[{"href":"https:\/\/bisbalpenedes.com\/web\/wp-json\/wp\/v2\/posts\/24090"}],"collection":[{"href":"https:\/\/bisbalpenedes.com\/web\/wp-json\/wp\/v2\/posts"}],"about":[{"href":"https:\/\/bisbalpenedes.com\/web\/wp-json\/wp\/v2\/types\/post"}],"author":[{"embeddable":true,"href":"https:\/\/bisbalpenedes.com\/web\/wp-json\/wp\/v2\/users\/4"}],"replies":[{"embeddable":true,"href":"https:\/\/bisbalpenedes.com\/web\/wp-json\/wp\/v2\/comments?post=24090"}],"version-history":[{"count":1,"href":"https:\/\/bisbalpenedes.com\/web\/wp-json\/wp\/v2\/posts\/24090\/revisions"}],"predecessor-version":[{"id":24091,"href":"https:\/\/bisbalpenedes.com\/web\/wp-json\/wp\/v2\/posts\/24090\/revisions\/24091"}],"wp:featuredmedia":[{"embeddable":true,"href":"https:\/\/bisbalpenedes.com\/web\/wp-json\/wp\/v2\/media\/24076"}],"wp:attachment":[{"href":"https:\/\/bisbalpenedes.com\/web\/wp-json\/wp\/v2\/media?parent=24090"}],"wp:term":[{"taxonomy":"category","embeddable":true,"href":"https:\/\/bisbalpenedes.com\/web\/wp-json\/wp\/v2\/categories?post=24090"},{"taxonomy":"post_tag","embeddable":true,"href":"https:\/\/bisbalpenedes.com\/web\/wp-json\/wp\/v2\/tags?post=24090"}],"curies":[{"name":"wp","href":"https:\/\/api.w.org\/{rel}","templated":true}]}}