{"id":24071,"date":"2022-11-22T14:10:58","date_gmt":"2022-11-22T12:10:58","guid":{"rendered":"https:\/\/bisbalpenedes.com\/web\/?p=24071"},"modified":"2022-11-22T14:11:07","modified_gmt":"2022-11-22T12:11:07","slug":"el-dimecres-30-de-novembre-la-biblioteca-publica-acollira-una-xerrada-sobre-salut-cardiovascular-amb-motiu-de-la-marato","status":"publish","type":"post","link":"https:\/\/bisbalpenedes.com\/web\/2022\/11\/22\/el-dimecres-30-de-novembre-la-biblioteca-publica-acollira-una-xerrada-sobre-salut-cardiovascular-amb-motiu-de-la-marato\/","title":{"rendered":"El dimecres 30 de novembre la Biblioteca p\u00fablica acollir\u00e0 una xerrada sobre salut cardiovascular amb motiu de La Marat\u00f3"},"content":{"rendered":"\n<p>El dimecres 30 de novembre, a les 19h, la&nbsp;Biblioteca p\u00fablica de la Bisbal del Pened\u00e8s&nbsp;acollir\u00e0 una confer\u00e8ncia amb motiu de La Marat\u00f3 2022.<\/p>\n\n\n\n<hr class=\"wp-block-separator has-alpha-channel-opacity\"\/>\n\n\n\n<p>El mi\u00e9rcoles 30 de noviembre, a las 19h, la Biblioteca p\u00fablica de la Bisbal del Pened\u00e8s acoger\u00e1 una conferencia con motivo de La Marat\u00f3 2022.<\/p>\n","protected":false},"excerpt":{"rendered":"<p>El dimecres 30 de novembre, a les 19h, la&nbsp;Biblioteca p\u00fablica de la Bisbal del Pened\u00e8s&nbsp;acollir\u00e0 una confer\u00e8ncia amb motiu de La Marat\u00f3 2022. El mi\u00e9rcoles 30 de noviembre, a las &hellip; <a href=\"https:\/\/bisbalpenedes.com\/web\/2022\/11\/22\/el-dimecres-30-de-novembre-la-biblioteca-publica-acollira-una-xerrada-sobre-salut-cardiovascular-amb-motiu-de-la-marato\/\" class=\"more-link\">Read More<\/a><\/p>\n","protected":false},"author":4,"featured_media":24072,"comment_status":"closed","ping_status":"closed","sticky":false,"template":"","format":"standard","meta":[],"categories":[8,14],"tags":[459,393,899,5629,45],"_links":{"self":[{"href":"https:\/\/bisbalpenedes.com\/web\/wp-json\/wp\/v2\/posts\/24071"}],"collection":[{"href":"https:\/\/bisbalpenedes.com\/web\/wp-json\/wp\/v2\/posts"}],"about":[{"href":"https:\/\/bisbalpenedes.com\/web\/wp-json\/wp\/v2\/types\/post"}],"author":[{"embeddable":true,"href":"https:\/\/bisbalpenedes.com\/web\/wp-json\/wp\/v2\/users\/4"}],"replies":[{"embeddable":true,"href":"https:\/\/bisbalpenedes.com\/web\/wp-json\/wp\/v2\/comments?post=24071"}],"version-history":[{"count":1,"href":"https:\/\/bisbalpenedes.com\/web\/wp-json\/wp\/v2\/posts\/24071\/revisions"}],"predecessor-version":[{"id":24073,"href":"https:\/\/bisbalpenedes.com\/web\/wp-json\/wp\/v2\/posts\/24071\/revisions\/24073"}],"wp:featuredmedia":[{"embeddable":true,"href":"https:\/\/bisbalpenedes.com\/web\/wp-json\/wp\/v2\/media\/24072"}],"wp:attachment":[{"href":"https:\/\/bisbalpenedes.com\/web\/wp-json\/wp\/v2\/media?parent=24071"}],"wp:term":[{"taxonomy":"category","embeddable":true,"href":"https:\/\/bisbalpenedes.com\/web\/wp-json\/wp\/v2\/categories?post=24071"},{"taxonomy":"post_tag","embeddable":true,"href":"https:\/\/bisbalpenedes.com\/web\/wp-json\/wp\/v2\/tags?post=24071"}],"curies":[{"name":"wp","href":"https:\/\/api.w.org\/{rel}","templated":true}]}}