{"id":2406,"date":"2017-05-10T21:16:04","date_gmt":"2017-05-10T15:16:04","guid":{"rendered":"http:\/\/bisbalpenedes.com\/web\/?p=2406"},"modified":"2017-05-10T21:16:28","modified_gmt":"2017-05-10T15:16:28","slug":"una-quarentena-dalumnes-de-lescola-ull-de-vent-participen-al-cantania-2017","status":"publish","type":"post","link":"https:\/\/bisbalpenedes.com\/web\/2017\/05\/10\/una-quarentena-dalumnes-de-lescola-ull-de-vent-participen-al-cantania-2017\/","title":{"rendered":"Una quarantena d&#8217;alumnes de l&#8217;escola Ull de Vent participen al Cant\u00e0nia 2017"},"content":{"rendered":"<p style=\"text-align: center;\"><a href=\"http:\/\/bisbalpenedes.com\/web\/wp-content\/uploads\/2017\/05\/portada_MALSONS_830.jpg\" target=\"_blank\"><img loading=\"lazy\" class=\"aligncenter\" title=\"portada_MALSONS_830\" src=\"http:\/\/bisbalpenedes.com\/web\/wp-content\/uploads\/2017\/05\/portada_MALSONS_830-300x220.jpg\" alt=\"\" width=\"300\" height=\"220\" \/><\/a><\/p>\n<p>Una quarantena d\u2019alumnes de 6\u00e8 de l\u2019escola Ull de Vent de La Bisbal del Pened\u00e8s participen, aquest dijous, al Cant\u00e0nia, una cantada que realitzen m\u00e9s de 40.000 alumnes de tota<a href=\"http:\/\/bisbalpenedes.com\/web\/wp-content\/uploads\/2017\/05\/portada_MALSONS_830.jpg\"><br \/>\n<\/a> Catalunya. Enguany el t\u00edtol de la cantada \u00e9s \u201cLa nit dels malsons\u201d i ha estat dirigida per Elisenda Carrasco i Ribot, Oriol Castanyer, Montse Meneses i Josep Prats. La m\u00fasica \u00e9s de l\u2019\u00c0lex Mart\u00ednez i els textos de la Marta Buchaca. Els alumnes bisbalencs actuaran al Teatre \u00c0ngel Guimer\u00e0 (T\u00c0G) del Vendrell aquest dijous 11 de maig a les 16.30h, juntament amb els altres centres escolars de la comarca com s\u00f3n l\u2019Escola \u00c0ngel Guimer\u00e0 del Vendrell, l\u2019Escola Teresina Martorell del Vendrell, Les Cometes de Lloren\u00e7 del Pened\u00e8s, Quatre de Vents de Sant Jaume, Teresa Godes de la Juncosa o Joan Perucho d\u2019Albinyana.<\/p>\n<p>Podeu trobar m\u00e9s informaci\u00f3 sobre l\u2019esdeveniment a l\u2019enlla\u00e7: <a href=\"https:\/\/www.auditori.cat\/ca\/cantania2017\" target=\"_blank\">https:\/\/www.auditori.cat\/ca\/cantania2017<\/a><\/p>\n<div><\/div>\n","protected":false},"excerpt":{"rendered":"<p>Una quarantena d\u2019alumnes de 6\u00e8 de l\u2019escola Ull de Vent de La Bisbal del Pened\u00e8s participen, aquest dijous, al Cant\u00e0nia, una cantada que realitzen m\u00e9s de 40.000 alumnes de tota &hellip; <a href=\"https:\/\/bisbalpenedes.com\/web\/2017\/05\/10\/una-quarentena-dalumnes-de-lescola-ull-de-vent-participen-al-cantania-2017\/\" class=\"more-link\">Read More<\/a><\/p>\n","protected":false},"author":4,"featured_media":2407,"comment_status":"closed","ping_status":"closed","sticky":false,"template":"","format":"standard","meta":[],"categories":[13,16],"tags":[355,390,389,391,65,284,392,222],"_links":{"self":[{"href":"https:\/\/bisbalpenedes.com\/web\/wp-json\/wp\/v2\/posts\/2406"}],"collection":[{"href":"https:\/\/bisbalpenedes.com\/web\/wp-json\/wp\/v2\/posts"}],"about":[{"href":"https:\/\/bisbalpenedes.com\/web\/wp-json\/wp\/v2\/types\/post"}],"author":[{"embeddable":true,"href":"https:\/\/bisbalpenedes.com\/web\/wp-json\/wp\/v2\/users\/4"}],"replies":[{"embeddable":true,"href":"https:\/\/bisbalpenedes.com\/web\/wp-json\/wp\/v2\/comments?post=2406"}],"version-history":[{"count":3,"href":"https:\/\/bisbalpenedes.com\/web\/wp-json\/wp\/v2\/posts\/2406\/revisions"}],"predecessor-version":[{"id":2410,"href":"https:\/\/bisbalpenedes.com\/web\/wp-json\/wp\/v2\/posts\/2406\/revisions\/2410"}],"wp:featuredmedia":[{"embeddable":true,"href":"https:\/\/bisbalpenedes.com\/web\/wp-json\/wp\/v2\/media\/2407"}],"wp:attachment":[{"href":"https:\/\/bisbalpenedes.com\/web\/wp-json\/wp\/v2\/media?parent=2406"}],"wp:term":[{"taxonomy":"category","embeddable":true,"href":"https:\/\/bisbalpenedes.com\/web\/wp-json\/wp\/v2\/categories?post=2406"},{"taxonomy":"post_tag","embeddable":true,"href":"https:\/\/bisbalpenedes.com\/web\/wp-json\/wp\/v2\/tags?post=2406"}],"curies":[{"name":"wp","href":"https:\/\/api.w.org\/{rel}","templated":true}]}}