{"id":24033,"date":"2022-11-22T11:02:15","date_gmt":"2022-11-22T09:02:15","guid":{"rendered":"https:\/\/bisbalpenedes.com\/web\/?p=24033"},"modified":"2022-11-22T12:04:54","modified_gmt":"2022-11-22T10:04:54","slug":"els-alumnes-de-4t-deso-de-linstitut-coster-de-la-torre-duran-a-terme-una-neteja-de-lentorn-i-una-recollida-de-productes-per-al-rebost-solidari-en-el-marc-dels-serveis-comunitaris","status":"publish","type":"post","link":"https:\/\/bisbalpenedes.com\/web\/2022\/11\/22\/els-alumnes-de-4t-deso-de-linstitut-coster-de-la-torre-duran-a-terme-una-neteja-de-lentorn-i-una-recollida-de-productes-per-al-rebost-solidari-en-el-marc-dels-serveis-comunitaris\/","title":{"rendered":"Els alumnes de 4t d&#8217;ESO de l&#8217;Institut Coster de la Torre duran a terme una neteja de l&#8217;entorn i una recollida de productes per al Rebost Solidari en el marc dels serveis comunitaris"},"content":{"rendered":"\n<p>El proper divendres, els alumnes i les alumnes de 4t d\u2019ESO de l\u2019Institut Coster de la Torre duran a terme, en el marc dels serveis comunitaris, una acci\u00f3 de neteja del bosc del Gosch i del Pol\u00edgon Les Planes amb l\u2019objectiu de crear consci\u00e8ncia sobre el nostre entorn i la import\u00e0ncia de mantenir-lo net de residus.<br>Els alumnes del \u201cProjecte Skla\u201d tamb\u00e9 hi participaran en l\u2019\u00e0mbit dels serveis comunitaris. En el seu cas, netejaran la zona de l\u2019skate park i la zona dels safaretjos i el torrent.<br>L\u2019Ajuntament, des de les regidories d&#8217;Ensenyament i Medi Ambient, facilitar\u00e0 tot el material necessari per a fer la neteja.<\/p>\n\n\n\n<p>Val a dir que, en el marc els serveis comunitaris, els alumnes de 4t d&#8217;ESO de l&#8217;Institut Coster de la Torre tamb\u00e9 duran a terme una recollida d&#8217;aliments els dies 25, 26 i 27 de novembre, emmarcada en el &#8216;Gran recapte dels aliments&#8217;. Aquesta acci\u00f3 es dur\u00e0 a terme en conjunt amb la Regidoria de Benestar Social i els productes recollits, a les capses instal\u00b7lades pels alumnes de l&#8217;Institut, es destinaran al Rebost Solidari.<\/p>\n\n\n\n<hr class=\"wp-block-separator has-alpha-channel-opacity\"\/>\n\n\n\n<p><strong>CASTELLANO |<\/strong>&nbsp;El pr\u00f3ximo viernes, los alumnos y las alumnas de 4\u00ba de ESO del Institut Coster de la Torre llevar\u00e1n a cabo, en el marco de los servicios comunitarios, una acci\u00f3n de limpieza del bosque del Gosch y del Pol\u00edgono Les Planes con el objetivo de crear consciencia sobre nuestro entorno y la importancia de mantenerlo limpio de residuos.<br>Los alumnos del \u201cProyecto Skla\u201d tambi\u00e9n participar\u00e1n en estas acciones en el \u00e1mbito de los servicios comunitarios. En su caso, limpiar\u00e1n la zona del skate park y la zona de los lavaderos y del torrente.<br>El Ayuntamiento, desde las concejal\u00edas de Educaci\u00f3n y Medio Ambiente, facilitar\u00e1 todo el material necesario para hacer la limpieza.<\/p>\n\n\n\n<p>Cabe decir que, en el marco de los servicios comunitarios, los alumnos de 4\u00ba de ESO del Institut Coster de la Torre tambi\u00e9n llevar\u00e1n a cabo una recogida de alimentos los d\u00edas 25, 26 y 27 de noviembre, enmarcada en el &#8216;Gran recapte dels aliments&#8217;. Esta acci\u00f3n se llevar\u00e1 a cabo en conjunto con la Concejal\u00eda de Bienestar Social y los productos recogidos, en las cajas instaladas por los alumnos del instituto, se destinar\u00e1n al &#8216;Rebost Solidari&#8217;.<\/p>\n","protected":false},"excerpt":{"rendered":"<p>El proper divendres, els alumnes i les alumnes de 4t d\u2019ESO de l\u2019Institut Coster de la Torre duran a terme, en el marc dels serveis comunitaris, una acci\u00f3 de neteja &hellip; <a href=\"https:\/\/bisbalpenedes.com\/web\/2022\/11\/22\/els-alumnes-de-4t-deso-de-linstitut-coster-de-la-torre-duran-a-terme-una-neteja-de-lentorn-i-una-recollida-de-productes-per-al-rebost-solidari-en-el-marc-dels-serveis-comunitaris\/\" class=\"more-link\">Read More<\/a><\/p>\n","protected":false},"author":4,"featured_media":24037,"comment_status":"closed","ping_status":"closed","sticky":false,"template":"","format":"standard","meta":[],"categories":[3456,8],"tags":[459,2642,1475,393,2644,3484],"_links":{"self":[{"href":"https:\/\/bisbalpenedes.com\/web\/wp-json\/wp\/v2\/posts\/24033"}],"collection":[{"href":"https:\/\/bisbalpenedes.com\/web\/wp-json\/wp\/v2\/posts"}],"about":[{"href":"https:\/\/bisbalpenedes.com\/web\/wp-json\/wp\/v2\/types\/post"}],"author":[{"embeddable":true,"href":"https:\/\/bisbalpenedes.com\/web\/wp-json\/wp\/v2\/users\/4"}],"replies":[{"embeddable":true,"href":"https:\/\/bisbalpenedes.com\/web\/wp-json\/wp\/v2\/comments?post=24033"}],"version-history":[{"count":2,"href":"https:\/\/bisbalpenedes.com\/web\/wp-json\/wp\/v2\/posts\/24033\/revisions"}],"predecessor-version":[{"id":24038,"href":"https:\/\/bisbalpenedes.com\/web\/wp-json\/wp\/v2\/posts\/24033\/revisions\/24038"}],"wp:featuredmedia":[{"embeddable":true,"href":"https:\/\/bisbalpenedes.com\/web\/wp-json\/wp\/v2\/media\/24037"}],"wp:attachment":[{"href":"https:\/\/bisbalpenedes.com\/web\/wp-json\/wp\/v2\/media?parent=24033"}],"wp:term":[{"taxonomy":"category","embeddable":true,"href":"https:\/\/bisbalpenedes.com\/web\/wp-json\/wp\/v2\/categories?post=24033"},{"taxonomy":"post_tag","embeddable":true,"href":"https:\/\/bisbalpenedes.com\/web\/wp-json\/wp\/v2\/tags?post=24033"}],"curies":[{"name":"wp","href":"https:\/\/api.w.org\/{rel}","templated":true}]}}