{"id":24025,"date":"2022-11-21T20:41:43","date_gmt":"2022-11-21T18:41:43","guid":{"rendered":"https:\/\/bisbalpenedes.com\/web\/?p=24025"},"modified":"2022-11-21T20:41:43","modified_gmt":"2022-11-21T18:41:43","slug":"lajuntament-de-la-bisbal-del-penedes-ha-estat-present-al-8e-congres-de-dones-dempresa","status":"publish","type":"post","link":"https:\/\/bisbalpenedes.com\/web\/2022\/11\/21\/lajuntament-de-la-bisbal-del-penedes-ha-estat-present-al-8e-congres-de-dones-dempresa\/","title":{"rendered":"L\u2019Ajuntament de la Bisbal del Pened\u00e8s ha estat present al 8\u00e8 Congr\u00e9s de Dones d\u2019Empresa"},"content":{"rendered":"\n<p>L\u2019alcaldessa de la Bisbal del Pened\u00e8s, Agn\u00e8s Ferr\u00e9, ha assistit un any m\u00e9s al Congr\u00e9s de Dones d\u2019Empresa. Enguany, l\u2019acte ha arribat a la seva 8a edici\u00f3 i s\u2019ha celebrat a Vilanova i la Geltr\u00fa el divendres 18 de novembre. L\u2019objectiu de la trobada, segons l\u2019organitzaci\u00f3, era <em>\u201creafirmar un espai de talent i d\u2019encoratjament a l\u2019emprenedoria\u201d, <\/em>un objectiu complementari al del col\u00b7lectiu Dones d\u2019Empresa, que busca ser un altaveu per reivindicar la import\u00e0ncia del paper de la dona en l\u2019\u00e0mbit empresarial i destacar la figura de les dones empres\u00e0ries del territori<em>.<\/em><\/p>\n\n\n\n<p>Enguany, el nom de l\u2019esdeveniment era \u2018Congr\u00e9s <strong>CREA<\/strong>\u2019, un acr\u00f2nim dels prop\u00f2sits del congr\u00e9s: <em>\u201cfer xarxa i <strong>Cooperar<\/strong> entre les professionals assistents, <strong>Repensar<\/strong> processos, aportar informaci\u00f3 per revisar-los i ser persistent en les visions. <strong>Emprendre<\/strong>, veure casu\u00edstiques on la vida pot no portar els \u00e8xits a la primera, aix\u00ed que sobretot, fes-ho! Passa a l\u2019acci\u00f3, <strong>Activa<\/strong> l\u2019estrat\u00e8gia com ho han fet les ponents del congr\u00e9s\u201d. <\/em>L\u2019espai del Congr\u00e9s de Dones d\u2019Empresa va n\u00e9ixer per esdevenir <em>\u201cun espai d\u2019inspiraci\u00f3 per a professionals, on Dones expliquen com han constru\u00eft els seus somnis. On llueixen les claus de l\u2019autolideratge en tots els aspectes de la vida per aconseguir fites\u201d.<\/em><\/p>\n\n\n\n<figure class=\"wp-block-image size-large\"><img loading=\"lazy\" width=\"1024\" height=\"729\" src=\"https:\/\/bisbalpenedes.com\/web\/wp-content\/uploads\/2022\/11\/AGNES-DONES-DEMPRESA-1024x729.jpg\" alt=\"\" class=\"wp-image-24027\" srcset=\"https:\/\/bisbalpenedes.com\/web\/wp-content\/uploads\/2022\/11\/AGNES-DONES-DEMPRESA-1024x729.jpg 1024w, https:\/\/bisbalpenedes.com\/web\/wp-content\/uploads\/2022\/11\/AGNES-DONES-DEMPRESA-300x213.jpg 300w, https:\/\/bisbalpenedes.com\/web\/wp-content\/uploads\/2022\/11\/AGNES-DONES-DEMPRESA-768x547.jpg 768w, https:\/\/bisbalpenedes.com\/web\/wp-content\/uploads\/2022\/11\/AGNES-DONES-DEMPRESA-1536x1093.jpg 1536w, https:\/\/bisbalpenedes.com\/web\/wp-content\/uploads\/2022\/11\/AGNES-DONES-DEMPRESA-2048x1457.jpg 2048w, https:\/\/bisbalpenedes.com\/web\/wp-content\/uploads\/2022\/11\/AGNES-DONES-DEMPRESA-600x427.jpg 600w\" sizes=\"(max-width: 1024px) 100vw, 1024px\" \/><\/figure>\n\n\n\n<p><em>*A la foto hi podeu veure l\u2019alcaldessa Agn\u00e8s Ferr\u00e9 acompanyada de la presidenta de la Federaci\u00f3 Empresarial del Gran Pened\u00e8s (FEGP), Neus Lloveras (a la dreta); i la presidenta de Dones d\u2019Empresa, S\u00edlvia Dom\u00e9nech<\/em> (a l&#8217;esquerra).<\/p>\n\n\n\n<hr class=\"wp-block-separator has-alpha-channel-opacity\"\/>\n\n\n\n<p><strong>CASTELLANO |<\/strong> La alcaldesa de la Bisbal del Pened\u00e8s, Agn\u00e8s Ferr\u00e9, ha asistido un a\u00f1o m\u00e1s al Congreso de \u2018Dones d\u2019Empresa\u2019. Este a\u00f1o, el acto ha llegado a su 8\u00aa edici\u00f3n y se ha celebrado en Vilanova i la Geltr\u00fa el viernes 18 de noviembre. El objetivo del encuentro, seg\u00fan la organizaci\u00f3n, era <em>\u201creafirmar un espacio de talento y aliento al emprendimiento\u201d, <\/em>un objetivo complementario al del colectivo Dones d\u2019Empresa, que busca ser un altavoz para reivindicar la importancia del papel de la mujer en el \u00e1mbito empresarial y destacar la figura de las mujeres empresarias del territorio.<\/p>\n\n\n\n<p>Este a\u00f1o, el nombre del evento era \u2018Congr\u00e9s <strong>CREA<\/strong>\u2019, un acr\u00f3nimo de los objetivos del congreso: <em>\u201cgenerar red y <strong>Cooperar<\/strong> entre las profesionales asistentes, <strong>Repensar<\/strong> procesos, aportar informaci\u00f3n para revisarlos y ser persistente en las visiones. <strong>Emprender<\/strong>, ver casu\u00edsticas en las que la vida puede no traer los \u00e9xitos a la primera, as\u00ed que sobre todo, \u00a1hazlo! Pasa a la acci\u00f3n, <strong>Activa<\/strong> la estrategia como lo han hecho las ponentes del congreso\u201d.<\/em> El espacio del Congreso de Dones d\u2019Empresa naci\u00f3 para convertirse en <em>\u201cun espacio de inspiraci\u00f3n para profesionales, donde Mujeres explican c\u00f3mo han construido sus sue\u00f1os. Donde lucen las claves del autolideraje en todos los aspectos de la vida para conseguir logros\u201d.<\/em><\/p>\n\n\n\n<figure class=\"wp-block-image size-large\"><img loading=\"lazy\" width=\"1024\" height=\"729\" src=\"https:\/\/bisbalpenedes.com\/web\/wp-content\/uploads\/2022\/11\/AGNES-DONES-DEMPRESA-1024x729.jpg\" alt=\"\" class=\"wp-image-24027\" srcset=\"https:\/\/bisbalpenedes.com\/web\/wp-content\/uploads\/2022\/11\/AGNES-DONES-DEMPRESA-1024x729.jpg 1024w, https:\/\/bisbalpenedes.com\/web\/wp-content\/uploads\/2022\/11\/AGNES-DONES-DEMPRESA-300x213.jpg 300w, https:\/\/bisbalpenedes.com\/web\/wp-content\/uploads\/2022\/11\/AGNES-DONES-DEMPRESA-768x547.jpg 768w, https:\/\/bisbalpenedes.com\/web\/wp-content\/uploads\/2022\/11\/AGNES-DONES-DEMPRESA-1536x1093.jpg 1536w, https:\/\/bisbalpenedes.com\/web\/wp-content\/uploads\/2022\/11\/AGNES-DONES-DEMPRESA-2048x1457.jpg 2048w, https:\/\/bisbalpenedes.com\/web\/wp-content\/uploads\/2022\/11\/AGNES-DONES-DEMPRESA-600x427.jpg 600w\" sizes=\"(max-width: 1024px) 100vw, 1024px\" \/><\/figure>\n\n\n\n<p><em>*En la foto pod\u00e9is ver a la alcaldesa, Agn\u00e8s Ferr\u00e9, acompa\u00f1ada de la presidenta de la Federaci\u00f3 Empresarial del Gran Pened\u00e8s (FEGP), Neus Lloveras (a la derecha); y la presidenta de Dones d\u2019Empresa, S\u00edlvia Dom\u00e9nech<\/em> (a la izquierda).<\/p>\n","protected":false},"excerpt":{"rendered":"<p>L\u2019alcaldessa de la Bisbal del Pened\u00e8s, Agn\u00e8s Ferr\u00e9, ha assistit un any m\u00e9s al Congr\u00e9s de Dones d\u2019Empresa. Enguany, l\u2019acte ha arribat a la seva 8a edici\u00f3 i s\u2019ha celebrat &hellip; <a href=\"https:\/\/bisbalpenedes.com\/web\/2022\/11\/21\/lajuntament-de-la-bisbal-del-penedes-ha-estat-present-al-8e-congres-de-dones-dempresa\/\" class=\"more-link\">Read More<\/a><\/p>\n","protected":false},"author":4,"featured_media":24026,"comment_status":"closed","ping_status":"closed","sticky":false,"template":"","format":"standard","meta":[],"categories":[2057,8,9],"tags":[2092,5626,2965,5624,5625,1326,3494,393],"_links":{"self":[{"href":"https:\/\/bisbalpenedes.com\/web\/wp-json\/wp\/v2\/posts\/24025"}],"collection":[{"href":"https:\/\/bisbalpenedes.com\/web\/wp-json\/wp\/v2\/posts"}],"about":[{"href":"https:\/\/bisbalpenedes.com\/web\/wp-json\/wp\/v2\/types\/post"}],"author":[{"embeddable":true,"href":"https:\/\/bisbalpenedes.com\/web\/wp-json\/wp\/v2\/users\/4"}],"replies":[{"embeddable":true,"href":"https:\/\/bisbalpenedes.com\/web\/wp-json\/wp\/v2\/comments?post=24025"}],"version-history":[{"count":1,"href":"https:\/\/bisbalpenedes.com\/web\/wp-json\/wp\/v2\/posts\/24025\/revisions"}],"predecessor-version":[{"id":24028,"href":"https:\/\/bisbalpenedes.com\/web\/wp-json\/wp\/v2\/posts\/24025\/revisions\/24028"}],"wp:featuredmedia":[{"embeddable":true,"href":"https:\/\/bisbalpenedes.com\/web\/wp-json\/wp\/v2\/media\/24026"}],"wp:attachment":[{"href":"https:\/\/bisbalpenedes.com\/web\/wp-json\/wp\/v2\/media?parent=24025"}],"wp:term":[{"taxonomy":"category","embeddable":true,"href":"https:\/\/bisbalpenedes.com\/web\/wp-json\/wp\/v2\/categories?post=24025"},{"taxonomy":"post_tag","embeddable":true,"href":"https:\/\/bisbalpenedes.com\/web\/wp-json\/wp\/v2\/tags?post=24025"}],"curies":[{"name":"wp","href":"https:\/\/api.w.org\/{rel}","templated":true}]}}