{"id":24016,"date":"2022-11-21T15:16:05","date_gmt":"2022-11-21T13:16:05","guid":{"rendered":"https:\/\/bisbalpenedes.com\/web\/?p=24016"},"modified":"2022-11-21T15:16:05","modified_gmt":"2022-11-21T13:16:05","slug":"actes-amb-motiu-del-25n-dia-internacional-per-a-leliminacio-de-la-violencia-envers-les-dones","status":"publish","type":"post","link":"https:\/\/bisbalpenedes.com\/web\/2022\/11\/21\/actes-amb-motiu-del-25n-dia-internacional-per-a-leliminacio-de-la-violencia-envers-les-dones\/","title":{"rendered":"Actes amb motiu del 25N: Dia Internacional per a l&#8217;eliminaci\u00f3 de la viol\u00e8ncia envers les dones"},"content":{"rendered":"\n<p>El 25 de novembre \u00e9s el Dia Internacional per a l&#8217;eliminaci\u00f3 de la viol\u00e8ncia envers les dones. Amb motiu d&#8217;aquesta data, s&#8217;han programat dues activitats. <\/p>\n\n\n\n<hr class=\"wp-block-separator has-alpha-channel-opacity\"\/>\n\n\n\n<p>El 25 de noviembre es el D\u00eda Internacional para la eliminaci\u00f3n de la violencia hacia las mujeres. Con motivo de esta fecha, se han programado dos actividades. <\/p>\n","protected":false},"excerpt":{"rendered":"<p>El 25 de novembre \u00e9s el Dia Internacional per a l&#8217;eliminaci\u00f3 de la viol\u00e8ncia envers les dones. Amb motiu d&#8217;aquesta data, s&#8217;han programat dues activitats. El 25 de noviembre es &hellip; <a href=\"https:\/\/bisbalpenedes.com\/web\/2022\/11\/21\/actes-amb-motiu-del-25n-dia-internacional-per-a-leliminacio-de-la-violencia-envers-les-dones\/\" class=\"more-link\">Read More<\/a><\/p>\n","protected":false},"author":4,"featured_media":24017,"comment_status":"closed","ping_status":"closed","sticky":false,"template":"","format":"standard","meta":[],"categories":[2942,3851,8],"tags":[4224,459,315,393],"_links":{"self":[{"href":"https:\/\/bisbalpenedes.com\/web\/wp-json\/wp\/v2\/posts\/24016"}],"collection":[{"href":"https:\/\/bisbalpenedes.com\/web\/wp-json\/wp\/v2\/posts"}],"about":[{"href":"https:\/\/bisbalpenedes.com\/web\/wp-json\/wp\/v2\/types\/post"}],"author":[{"embeddable":true,"href":"https:\/\/bisbalpenedes.com\/web\/wp-json\/wp\/v2\/users\/4"}],"replies":[{"embeddable":true,"href":"https:\/\/bisbalpenedes.com\/web\/wp-json\/wp\/v2\/comments?post=24016"}],"version-history":[{"count":1,"href":"https:\/\/bisbalpenedes.com\/web\/wp-json\/wp\/v2\/posts\/24016\/revisions"}],"predecessor-version":[{"id":24018,"href":"https:\/\/bisbalpenedes.com\/web\/wp-json\/wp\/v2\/posts\/24016\/revisions\/24018"}],"wp:featuredmedia":[{"embeddable":true,"href":"https:\/\/bisbalpenedes.com\/web\/wp-json\/wp\/v2\/media\/24017"}],"wp:attachment":[{"href":"https:\/\/bisbalpenedes.com\/web\/wp-json\/wp\/v2\/media?parent=24016"}],"wp:term":[{"taxonomy":"category","embeddable":true,"href":"https:\/\/bisbalpenedes.com\/web\/wp-json\/wp\/v2\/categories?post=24016"},{"taxonomy":"post_tag","embeddable":true,"href":"https:\/\/bisbalpenedes.com\/web\/wp-json\/wp\/v2\/tags?post=24016"}],"curies":[{"name":"wp","href":"https:\/\/api.w.org\/{rel}","templated":true}]}}