{"id":24010,"date":"2022-11-21T14:50:33","date_gmt":"2022-11-21T12:50:33","guid":{"rendered":"https:\/\/bisbalpenedes.com\/web\/?p=24010"},"modified":"2022-11-22T12:02:55","modified_gmt":"2022-11-22T10:02:55","slug":"lajuntament-segueix-mantenint-congelades-les-taxes-i-impostos-per-al-2023","status":"publish","type":"post","link":"https:\/\/bisbalpenedes.com\/web\/2022\/11\/21\/lajuntament-segueix-mantenint-congelades-les-taxes-i-impostos-per-al-2023\/","title":{"rendered":"L&#8217;Ajuntament segueix mantenint congelades les taxes i impostos per al 2023"},"content":{"rendered":"\n<p>L\u2019Ajuntament de la Bisbal del Pened\u00e8s segueix mantenint congelades les taxes i impostos municipals per al 2023 i, a m\u00e9s, ha aprovat bonificacions de l\u2019Impost de vehicles pels vehicles el\u00e8ctrics i h\u00edbrids.<\/p>\n\n\n\n<p>Ara la bonificaci\u00f3 est\u00e0 aprovada inicialment i estar\u00e0 en exposici\u00f3 p\u00fablica fins al 16 de desembre. En cas de no presentar-se reclamacions dins del termini establert, quedaran aprovades definitivament i els titulars de vehicles el\u00e8ctrics i h\u00edbrids ja podran sol\u00b7licitar la bonificaci\u00f3.<\/p>\n\n\n\n<p>Una vegada aprovada definitivament, us informarem -a trav\u00e9s dels canals de comunicaci\u00f3 habituals amb la ciutadania- de com s\u2019ha de sol\u00b7licitar la bonificaci\u00f3 i quins documents s\u2019han de presentar.<\/p>\n\n\n\n<hr class=\"wp-block-separator has-alpha-channel-opacity\"\/>\n\n\n\n<p><strong>CASTELLANO |<\/strong>\u00a0El Ayuntamiento de la Bisbal del Pened\u00e8s sigue manteniendo congeladas las tasas e impuestos municipales para el 2023 y, adem\u00e1s, ha aprobado bonificaciones del Impuesto de veh\u00edculos para los veh\u00edculos el\u00e9ctricos e h\u00edbridos.<\/p>\n\n\n\n<p>Ahora, la bonificaci\u00f3n est\u00e1 aprobada inicialmente y estar\u00e1 en exposici\u00f3n p\u00fablica hasta el 16 de diciembre. En el caso de que no se presenten reclamaciones dentro del plazo establecido, quedar\u00e1n aprobadas definitivamente y los titulares de veh\u00edculos el\u00e9ctricos e h\u00edbridos ya podr\u00e1n solicitar la bonificaci\u00f3n.<\/p>\n\n\n\n<p>Una vez aprobada definitivamente, os informaremos -mediante los canales de comunicaci\u00f3n habituales con la ciudadan\u00eda- de c\u00f3mo se tiene que solicitar la bonificaci\u00f3n y de qu\u00e9 documentos hay que presentar.<\/p>\n","protected":false},"excerpt":{"rendered":"<p>L\u2019Ajuntament de la Bisbal del Pened\u00e8s segueix mantenint congelades les taxes i impostos municipals per al 2023 i, a m\u00e9s, ha aprovat bonificacions de l\u2019Impost de vehicles pels vehicles el\u00e8ctrics &hellip; <a href=\"https:\/\/bisbalpenedes.com\/web\/2022\/11\/21\/lajuntament-segueix-mantenint-congelades-les-taxes-i-impostos-per-al-2023\/\" class=\"more-link\">Read More<\/a><\/p>\n","protected":false},"author":4,"featured_media":24013,"comment_status":"closed","ping_status":"closed","sticky":false,"template":"","format":"standard","meta":[],"categories":[2402,1628,3835,8],"tags":[459,5623,2153,976,393,979],"_links":{"self":[{"href":"https:\/\/bisbalpenedes.com\/web\/wp-json\/wp\/v2\/posts\/24010"}],"collection":[{"href":"https:\/\/bisbalpenedes.com\/web\/wp-json\/wp\/v2\/posts"}],"about":[{"href":"https:\/\/bisbalpenedes.com\/web\/wp-json\/wp\/v2\/types\/post"}],"author":[{"embeddable":true,"href":"https:\/\/bisbalpenedes.com\/web\/wp-json\/wp\/v2\/users\/4"}],"replies":[{"embeddable":true,"href":"https:\/\/bisbalpenedes.com\/web\/wp-json\/wp\/v2\/comments?post=24010"}],"version-history":[{"count":3,"href":"https:\/\/bisbalpenedes.com\/web\/wp-json\/wp\/v2\/posts\/24010\/revisions"}],"predecessor-version":[{"id":24036,"href":"https:\/\/bisbalpenedes.com\/web\/wp-json\/wp\/v2\/posts\/24010\/revisions\/24036"}],"wp:featuredmedia":[{"embeddable":true,"href":"https:\/\/bisbalpenedes.com\/web\/wp-json\/wp\/v2\/media\/24013"}],"wp:attachment":[{"href":"https:\/\/bisbalpenedes.com\/web\/wp-json\/wp\/v2\/media?parent=24010"}],"wp:term":[{"taxonomy":"category","embeddable":true,"href":"https:\/\/bisbalpenedes.com\/web\/wp-json\/wp\/v2\/categories?post=24010"},{"taxonomy":"post_tag","embeddable":true,"href":"https:\/\/bisbalpenedes.com\/web\/wp-json\/wp\/v2\/tags?post=24010"}],"curies":[{"name":"wp","href":"https:\/\/api.w.org\/{rel}","templated":true}]}}