{"id":2401,"date":"2017-05-10T20:47:42","date_gmt":"2017-05-10T14:47:42","guid":{"rendered":"http:\/\/bisbalpenedes.com\/web\/?p=2401"},"modified":"2017-05-10T20:48:19","modified_gmt":"2017-05-10T14:48:19","slug":"shan-tapiat-els-accessos-i-shan-retirat-les-escales-de-les-cases-dels-mestres","status":"publish","type":"post","link":"https:\/\/bisbalpenedes.com\/web\/2017\/05\/10\/shan-tapiat-els-accessos-i-shan-retirat-les-escales-de-les-cases-dels-mestres\/","title":{"rendered":"S&#8217;han tapiat els accessos i s&#8217;han retirat les escales de &#8216;les cases dels mestres&#8217;"},"content":{"rendered":"<p>Les dues cases dels mestres estan desafectades definitivament d&#8217;Ensenyament de la Generalitat de Catalunya i han passat a ser equipament municipal. La Regidoria de Benestar Social est\u00e0 treballant en un projecte municipal que consistir\u00e0\u00a0a\u00a0fer dos habitatges de lloguer social ubicats en aquestes cases. Amb la finalitat de fer-les independents dels equipaments escolars, s&#8217;ha procedit a treure les escales d&#8217;acc\u00e9s de les cases al pati de l&#8217;escola i a tapiar-ne l&#8217;acc\u00e9s, mentre es treballa en la tramitaci\u00f3 del projecte de lloguer social.<\/p>\n<p><a href=\"http:\/\/bisbalpenedes.com\/web\/wp-content\/uploads\/2017\/05\/2017-05-10-PHOTO-00000012.jpg\"><img loading=\"lazy\" class=\"aligncenter size-medium wp-image-2402\" title=\"2017-05-10-PHOTO-00000012\" src=\"http:\/\/bisbalpenedes.com\/web\/wp-content\/uploads\/2017\/05\/2017-05-10-PHOTO-00000012-300x225.jpg\" alt=\"\" width=\"300\" height=\"225\" srcset=\"https:\/\/bisbalpenedes.com\/web\/wp-content\/uploads\/2017\/05\/2017-05-10-PHOTO-00000012-300x225.jpg 300w, https:\/\/bisbalpenedes.com\/web\/wp-content\/uploads\/2017\/05\/2017-05-10-PHOTO-00000012-600x450.jpg 600w, https:\/\/bisbalpenedes.com\/web\/wp-content\/uploads\/2017\/05\/2017-05-10-PHOTO-00000012-1024x768.jpg 1024w, https:\/\/bisbalpenedes.com\/web\/wp-content\/uploads\/2017\/05\/2017-05-10-PHOTO-00000012.jpg 1599w\" sizes=\"(max-width: 300px) 100vw, 300px\" \/><\/a><\/p>\n","protected":false},"excerpt":{"rendered":"<p>Les dues cases dels mestres estan desafectades definitivament d&#8217;Ensenyament de la Generalitat de Catalunya i han passat a ser equipament municipal. La Regidoria de Benestar Social est\u00e0 treballant en un &hellip; <a href=\"https:\/\/bisbalpenedes.com\/web\/2017\/05\/10\/shan-tapiat-els-accessos-i-shan-retirat-les-escales-de-les-cases-dels-mestres\/\" class=\"more-link\">Read More<\/a><\/p>\n","protected":false},"author":4,"featured_media":2402,"comment_status":"closed","ping_status":"closed","sticky":false,"template":"","format":"standard","meta":[],"categories":[17],"tags":[387,315,384,386,385,388],"_links":{"self":[{"href":"https:\/\/bisbalpenedes.com\/web\/wp-json\/wp\/v2\/posts\/2401"}],"collection":[{"href":"https:\/\/bisbalpenedes.com\/web\/wp-json\/wp\/v2\/posts"}],"about":[{"href":"https:\/\/bisbalpenedes.com\/web\/wp-json\/wp\/v2\/types\/post"}],"author":[{"embeddable":true,"href":"https:\/\/bisbalpenedes.com\/web\/wp-json\/wp\/v2\/users\/4"}],"replies":[{"embeddable":true,"href":"https:\/\/bisbalpenedes.com\/web\/wp-json\/wp\/v2\/comments?post=2401"}],"version-history":[{"count":3,"href":"https:\/\/bisbalpenedes.com\/web\/wp-json\/wp\/v2\/posts\/2401\/revisions"}],"predecessor-version":[{"id":2405,"href":"https:\/\/bisbalpenedes.com\/web\/wp-json\/wp\/v2\/posts\/2401\/revisions\/2405"}],"wp:featuredmedia":[{"embeddable":true,"href":"https:\/\/bisbalpenedes.com\/web\/wp-json\/wp\/v2\/media\/2402"}],"wp:attachment":[{"href":"https:\/\/bisbalpenedes.com\/web\/wp-json\/wp\/v2\/media?parent=2401"}],"wp:term":[{"taxonomy":"category","embeddable":true,"href":"https:\/\/bisbalpenedes.com\/web\/wp-json\/wp\/v2\/categories?post=2401"},{"taxonomy":"post_tag","embeddable":true,"href":"https:\/\/bisbalpenedes.com\/web\/wp-json\/wp\/v2\/tags?post=2401"}],"curies":[{"name":"wp","href":"https:\/\/api.w.org\/{rel}","templated":true}]}}