{"id":24004,"date":"2022-11-21T13:05:10","date_gmt":"2022-11-21T11:05:10","guid":{"rendered":"https:\/\/bisbalpenedes.com\/web\/?p=24004"},"modified":"2022-11-21T13:05:10","modified_gmt":"2022-11-21T11:05:10","slug":"avis-per-vent-fort-previst-per-al-dilluns-21-de-novembre-a-la-tarda-nit-i-per-al-dimarts-22-de-novembre","status":"publish","type":"post","link":"https:\/\/bisbalpenedes.com\/web\/2022\/11\/21\/avis-per-vent-fort-previst-per-al-dilluns-21-de-novembre-a-la-tarda-nit-i-per-al-dimarts-22-de-novembre\/","title":{"rendered":"Av\u00eds per vent fort previst per al dilluns 21 de novembre a la tarda\/nit i per al dimarts 22 de novembre"},"content":{"rendered":"\n<p>Hi ha una alerta&nbsp;Ventcat&nbsp;activa per vent fort, previst per avui dilluns a la tarda\/nit i dem\u00e0 dimarts.<\/p>\n\n\n\n<p>Extremeu les precaucions. Us deixem el mapa de previsions del Servei Meteorol\u00f2gic de Catalunya i les recomanacions de Protecci\u00f3 Civil.<\/p>\n\n\n\n<hr class=\"wp-block-separator has-alpha-channel-opacity\"\/>\n\n\n\n<p><strong>CASTELLANO |<\/strong>&nbsp;Hay una alerta&nbsp;Ventcat&nbsp;activa por viento fuerte, previsto para hoy lunes y ma\u00f1ana martes.<\/p>\n\n\n\n<p>Extremad las precauciones. Os dejamos el mapa de previsiones del Servicio Meteorol\u00f3gico de Catalu\u00f1a y las recomendaciones de Protecci\u00f3n Civil.<\/p>\n\n\n\n<figure class=\"wp-block-image size-large\"><img loading=\"lazy\" width=\"1024\" height=\"1024\" src=\"https:\/\/bisbalpenedes.com\/web\/wp-content\/uploads\/2022\/11\/AVI\u0301S-PER-VENT-DIMARTS-22-NOV-1024x1024.png\" alt=\"\" class=\"wp-image-24006\" srcset=\"https:\/\/bisbalpenedes.com\/web\/wp-content\/uploads\/2022\/11\/AVI\u0301S-PER-VENT-DIMARTS-22-NOV-1024x1024.png 1024w, https:\/\/bisbalpenedes.com\/web\/wp-content\/uploads\/2022\/11\/AVI\u0301S-PER-VENT-DIMARTS-22-NOV-300x300.png 300w, https:\/\/bisbalpenedes.com\/web\/wp-content\/uploads\/2022\/11\/AVI\u0301S-PER-VENT-DIMARTS-22-NOV-150x150.png 150w, https:\/\/bisbalpenedes.com\/web\/wp-content\/uploads\/2022\/11\/AVI\u0301S-PER-VENT-DIMARTS-22-NOV-768x768.png 768w, https:\/\/bisbalpenedes.com\/web\/wp-content\/uploads\/2022\/11\/AVI\u0301S-PER-VENT-DIMARTS-22-NOV-600x600.png 600w, https:\/\/bisbalpenedes.com\/web\/wp-content\/uploads\/2022\/11\/AVI\u0301S-PER-VENT-DIMARTS-22-NOV-100x100.png 100w, https:\/\/bisbalpenedes.com\/web\/wp-content\/uploads\/2022\/11\/AVI\u0301S-PER-VENT-DIMARTS-22-NOV.png 1080w\" sizes=\"(max-width: 1024px) 100vw, 1024px\" \/><\/figure>\n\n\n\n<figure class=\"wp-block-image size-large\"><img loading=\"lazy\" width=\"722\" height=\"1024\" src=\"https:\/\/bisbalpenedes.com\/web\/wp-content\/uploads\/2022\/11\/Triptic_ventades-story_page-0001-722x1024.jpg\" alt=\"\" class=\"wp-image-24007\" srcset=\"https:\/\/bisbalpenedes.com\/web\/wp-content\/uploads\/2022\/11\/Triptic_ventades-story_page-0001-722x1024.jpg 722w, https:\/\/bisbalpenedes.com\/web\/wp-content\/uploads\/2022\/11\/Triptic_ventades-story_page-0001-212x300.jpg 212w, https:\/\/bisbalpenedes.com\/web\/wp-content\/uploads\/2022\/11\/Triptic_ventades-story_page-0001-768x1089.jpg 768w, https:\/\/bisbalpenedes.com\/web\/wp-content\/uploads\/2022\/11\/Triptic_ventades-story_page-0001-600x851.jpg 600w, https:\/\/bisbalpenedes.com\/web\/wp-content\/uploads\/2022\/11\/Triptic_ventades-story_page-0001.jpg 875w\" sizes=\"(max-width: 722px) 100vw, 722px\" \/><\/figure>\n\n\n\n<figure class=\"wp-block-image size-large\"><img loading=\"lazy\" width=\"722\" height=\"1024\" src=\"https:\/\/bisbalpenedes.com\/web\/wp-content\/uploads\/2022\/11\/Triptic_ventades-story_page-0002-722x1024.jpg\" alt=\"\" class=\"wp-image-24008\" srcset=\"https:\/\/bisbalpenedes.com\/web\/wp-content\/uploads\/2022\/11\/Triptic_ventades-story_page-0002-722x1024.jpg 722w, https:\/\/bisbalpenedes.com\/web\/wp-content\/uploads\/2022\/11\/Triptic_ventades-story_page-0002-212x300.jpg 212w, https:\/\/bisbalpenedes.com\/web\/wp-content\/uploads\/2022\/11\/Triptic_ventades-story_page-0002-768x1089.jpg 768w, https:\/\/bisbalpenedes.com\/web\/wp-content\/uploads\/2022\/11\/Triptic_ventades-story_page-0002-600x851.jpg 600w, https:\/\/bisbalpenedes.com\/web\/wp-content\/uploads\/2022\/11\/Triptic_ventades-story_page-0002.jpg 875w\" sizes=\"(max-width: 722px) 100vw, 722px\" \/><\/figure>\n","protected":false},"excerpt":{"rendered":"<p>Hi ha una alerta&nbsp;Ventcat&nbsp;activa per vent fort, previst per avui dilluns a la tarda\/nit i dem\u00e0 dimarts. Extremeu les precaucions. Us deixem el mapa de previsions del Servei Meteorol\u00f2gic de &hellip; <a href=\"https:\/\/bisbalpenedes.com\/web\/2022\/11\/21\/avis-per-vent-fort-previst-per-al-dilluns-21-de-novembre-a-la-tarda-nit-i-per-al-dimarts-22-de-novembre\/\" class=\"more-link\">Read More<\/a><\/p>\n","protected":false},"author":4,"featured_media":24005,"comment_status":"closed","ping_status":"closed","sticky":false,"template":"","format":"standard","meta":[],"categories":[1628,2543,8],"tags":[4613,393,2050,5446,1187,4047],"_links":{"self":[{"href":"https:\/\/bisbalpenedes.com\/web\/wp-json\/wp\/v2\/posts\/24004"}],"collection":[{"href":"https:\/\/bisbalpenedes.com\/web\/wp-json\/wp\/v2\/posts"}],"about":[{"href":"https:\/\/bisbalpenedes.com\/web\/wp-json\/wp\/v2\/types\/post"}],"author":[{"embeddable":true,"href":"https:\/\/bisbalpenedes.com\/web\/wp-json\/wp\/v2\/users\/4"}],"replies":[{"embeddable":true,"href":"https:\/\/bisbalpenedes.com\/web\/wp-json\/wp\/v2\/comments?post=24004"}],"version-history":[{"count":1,"href":"https:\/\/bisbalpenedes.com\/web\/wp-json\/wp\/v2\/posts\/24004\/revisions"}],"predecessor-version":[{"id":24009,"href":"https:\/\/bisbalpenedes.com\/web\/wp-json\/wp\/v2\/posts\/24004\/revisions\/24009"}],"wp:featuredmedia":[{"embeddable":true,"href":"https:\/\/bisbalpenedes.com\/web\/wp-json\/wp\/v2\/media\/24005"}],"wp:attachment":[{"href":"https:\/\/bisbalpenedes.com\/web\/wp-json\/wp\/v2\/media?parent=24004"}],"wp:term":[{"taxonomy":"category","embeddable":true,"href":"https:\/\/bisbalpenedes.com\/web\/wp-json\/wp\/v2\/categories?post=24004"},{"taxonomy":"post_tag","embeddable":true,"href":"https:\/\/bisbalpenedes.com\/web\/wp-json\/wp\/v2\/tags?post=24004"}],"curies":[{"name":"wp","href":"https:\/\/api.w.org\/{rel}","templated":true}]}}