{"id":23990,"date":"2022-11-19T20:37:32","date_gmt":"2022-11-19T18:37:32","guid":{"rendered":"https:\/\/bisbalpenedes.com\/web\/?p=23990"},"modified":"2022-11-19T20:38:41","modified_gmt":"2022-11-19T18:38:41","slug":"lajuntament-silluminara-de-color-blau-aquest-diumenge-20-de-novembre-al-vespre-amb-motiu-del-dia-universal-de-linfant","status":"publish","type":"post","link":"https:\/\/bisbalpenedes.com\/web\/2022\/11\/19\/lajuntament-silluminara-de-color-blau-aquest-diumenge-20-de-novembre-al-vespre-amb-motiu-del-dia-universal-de-linfant\/","title":{"rendered":"L&#8217;Ajuntament s&#8217;il\u00b7luminar\u00e0 de color blau aquest diumenge 20 de novembre -al vespre- amb motiu del Dia Universal de l&#8217;infant"},"content":{"rendered":"\n<p>L\u2019Ajuntament de La Bisbal del Pened\u00e8s s\u2019il\u00b7luminar\u00e0 de color blau aquest diumenge, al vespre, amb motiu del Dia Universal del Nen (o de la Infantesa o de l&#8217;infant), dedicat a tots els infants del m\u00f3n. Es tracta d\u2019una jornada que es commemora per donar un impuls i crear consci\u00e8ncia sobre el benestar i els drets dels infants de tot el m\u00f3n -que inclouen la salut, l\u2019educaci\u00f3, la protecci\u00f3 i la millora de la qualitat de vida- i se celebra el 20 de novembre perqu\u00e8 aquesta va ser la data en qu\u00e8 es va aprovar la Declaraci\u00f3 dels Drets del Nen (1959) i la Convenci\u00f3 sobre els Drets del Nen (1989).<\/p>\n\n\n\n<p>Per a m\u00e9s informaci\u00f3 podeu accedir a l&#8217;enlla\u00e7: <a href=\"https:\/\/treball.gencat.cat\/ca\/detalls\/article\/Noticia_0006#bloc1\">https:\/\/treball.gencat.cat\/ca\/detalls\/article\/Noticia_0006#bloc1<\/a><\/p>\n\n\n\n<hr class=\"wp-block-separator has-alpha-channel-opacity\"\/>\n\n\n\n<p>El Ayuntamiento de La Bisbal del Pened\u00e8s se iluminar\u00e1 de color azul este domingo, al anochecer, con motivo del D\u00eda Universal del Ni\u00f1o (o de la infancia), dedicado a todos los ni\u00f1os del mundo. Se trata de una jornada que se conmemora para dar un impulso y crear consciencia sobre el bienestar y los derechos de los ni\u00f1os de todo el mundo&nbsp;&nbsp;\u2013 que incluyen la salud, la educaci\u00f3n, la protecci\u00f3n y la mejora de la calidad de vida- y se celebra el 20 de noviembre porque esta fue la fecha en la que se aprob\u00f3 la Declaraci\u00f3n de los Derechos del Ni\u00f1o (1959) y la Convenci\u00f3n sobre los Derechos del Ni\u00f1o (1989).<\/p>\n\n\n\n<p>Para m\u00e1s informaci\u00f3n acceded al enlace: <a href=\"https:\/\/treball.gencat.cat\/ca\/detalls\/article\/Noticia_0006#bloc1\" target=\"_blank\" rel=\"noreferrer noopener\">https:\/\/treball.gencat.cat\/ca\/detalls\/article\/Noticia_0006<\/a><\/p>\n","protected":false},"excerpt":{"rendered":"<p>L\u2019Ajuntament de La Bisbal del Pened\u00e8s s\u2019il\u00b7luminar\u00e0 de color blau aquest diumenge, al vespre, amb motiu del Dia Universal del Nen (o de la Infantesa o de l&#8217;infant), dedicat a &hellip; <a href=\"https:\/\/bisbalpenedes.com\/web\/2022\/11\/19\/lajuntament-silluminara-de-color-blau-aquest-diumenge-20-de-novembre-al-vespre-amb-motiu-del-dia-universal-de-linfant\/\" class=\"more-link\">Read More<\/a><\/p>\n","protected":false},"author":4,"featured_media":23991,"comment_status":"closed","ping_status":"closed","sticky":false,"template":"","format":"standard","meta":[],"categories":[2402,8],"tags":[459,5616,5019,5615,393],"_links":{"self":[{"href":"https:\/\/bisbalpenedes.com\/web\/wp-json\/wp\/v2\/posts\/23990"}],"collection":[{"href":"https:\/\/bisbalpenedes.com\/web\/wp-json\/wp\/v2\/posts"}],"about":[{"href":"https:\/\/bisbalpenedes.com\/web\/wp-json\/wp\/v2\/types\/post"}],"author":[{"embeddable":true,"href":"https:\/\/bisbalpenedes.com\/web\/wp-json\/wp\/v2\/users\/4"}],"replies":[{"embeddable":true,"href":"https:\/\/bisbalpenedes.com\/web\/wp-json\/wp\/v2\/comments?post=23990"}],"version-history":[{"count":2,"href":"https:\/\/bisbalpenedes.com\/web\/wp-json\/wp\/v2\/posts\/23990\/revisions"}],"predecessor-version":[{"id":23993,"href":"https:\/\/bisbalpenedes.com\/web\/wp-json\/wp\/v2\/posts\/23990\/revisions\/23993"}],"wp:featuredmedia":[{"embeddable":true,"href":"https:\/\/bisbalpenedes.com\/web\/wp-json\/wp\/v2\/media\/23991"}],"wp:attachment":[{"href":"https:\/\/bisbalpenedes.com\/web\/wp-json\/wp\/v2\/media?parent=23990"}],"wp:term":[{"taxonomy":"category","embeddable":true,"href":"https:\/\/bisbalpenedes.com\/web\/wp-json\/wp\/v2\/categories?post=23990"},{"taxonomy":"post_tag","embeddable":true,"href":"https:\/\/bisbalpenedes.com\/web\/wp-json\/wp\/v2\/tags?post=23990"}],"curies":[{"name":"wp","href":"https:\/\/api.w.org\/{rel}","templated":true}]}}