{"id":23977,"date":"2022-11-18T21:53:47","date_gmt":"2022-11-18T19:53:47","guid":{"rendered":"https:\/\/bisbalpenedes.com\/web\/?p=23977"},"modified":"2022-11-18T21:53:47","modified_gmt":"2022-11-18T19:53:47","slug":"la-regidoria-densenyament-ha-entregat-els-reconeixements-al-merit-escolar-a-cinc-alumnes-bisbalencs-aquest-divendres","status":"publish","type":"post","link":"https:\/\/bisbalpenedes.com\/web\/2022\/11\/18\/la-regidoria-densenyament-ha-entregat-els-reconeixements-al-merit-escolar-a-cinc-alumnes-bisbalencs-aquest-divendres\/","title":{"rendered":"La Regidoria d&#8217;Ensenyament ha entregat els reconeixements al m\u00e8rit escolar a cinc alumnes bisbalencs aquest divendres"},"content":{"rendered":"\n<p>La Regidoria d\u2019Ensenyament ha lliurat, avui 18 de novembre, els reconeixements al m\u00e8rit escolar del curs 2021-22 a cinc alumnes bisbalencs. Enguany, el lliurament ha tornat a la normalitat despr\u00e9s que l\u2019acte es vei\u00e9s alterat per la pand\u00e8mia de COVID-19, i s\u2019ha dut a terme a l\u2019auditori del Centre Municipal de Cultura, com era habitual abans de la pand\u00e8mia.<\/p>\n\n\n\n<p>Els alumnes que han rebut el reconeixement han estat:<\/p>\n\n\n\n<ul><li>Roger Estivill Mart\u00ednez de 6\u00e8 de prim\u00e0ria<\/li><li>Pol M\u00edguez Casellas 6\u00e8 de prim\u00e0ria<\/li><li>Andrea Garc\u00eda Plaza de 4t d\u2019ESO<\/li><li>Maria Pallar\u00e9s Vives de 2n de BAT<\/li><li>Mary Perucho Beudin 2n de BAT<\/li><\/ul>\n\n\n\n<p>Els reconeixements han estat entregats per l\u2019\u00c0ngel Espinosa, director de l\u2019Escola Ull de Vent; la Rosa Maria Banach, membre de l\u2019equip directiu de l\u2019Institut Coster de la Torre; la regidora d\u2019Ensenyament, Leo Uceda; i l\u2019alcaldessa de la Bisbal del Pened\u00e8s, Agn\u00e8s Ferr\u00e9.<\/p>\n\n\n\n<p>Els reconeixements al m\u00e8rit escolar distingeixen els alumnes bisbalencs que han destacat acad\u00e8micament. Si b\u00e9 el criteri objectiu \u00e9s el de premiar les millors notes d\u2019aquests finals d\u2019etapa, aquests guardons tamb\u00e9 premien l\u2019esfor\u00e7, les ganes, l\u2019actitud i el comprom\u00eds dels alumnes pel seu propi proc\u00e9s formatiu. Tots els alumnes que han obtingut el reconeixement han rebut un diploma commemoratiu i, a m\u00e9s, els alumnes de l\u2019Escola Ull de Vent han rebut un tel\u00e8fon m\u00f2bil i, els de l\u2019Institut Coster de la Torre, un ordinador port\u00e0til.<\/p>\n\n\n\n<figure class=\"wp-block-image size-large\"><img src=\"https:\/\/bisbalpenedes.com\/web\/wp-content\/uploads\/2022\/11\/PRESENTACI\u00d3-PREMIS-M\u00c8RIT-ESCOLAR-1024x768.jpg\" alt=\"\" class=\"wp-image-23978\"\/><\/figure>\n\n\n\n<hr class=\"wp-block-separator has-alpha-channel-opacity\"\/>\n\n\n\n<p>La Concejal\u00eda de Educaci\u00f3n ha entregado, hoy 18 de noviembre, los reconocimientos al m\u00e9rito escolar del curso 2021-22 a cinco alumnos <em>bisbalencs<\/em>. Este a\u00f1o, la entrega ha vuelto a la normalidad despu\u00e9s de que el acto se viese alterado por la pandemia de COVI-19, y se ha llevado a cabo en el auditorio del Centre Municipal de Cultura, como era habitual antes de la pandemia.<\/p>\n\n\n\n<p>Los alumnos que han recibido el reconocimiento han sido:<\/p>\n\n\n\n<ul><li>Roger Estivill Mart\u00ednez de 6e\u00ba de primaria<\/li><li>Pol M\u00edguez Casellas 6e\u00ba de primaria<\/li><li>Andrea Garc\u00eda Plaza de 4\u00ba de ESO<\/li><li>Mar\u00eda Pallar\u00e9s Vives de 2\u00ba de BAT<\/li><li>Mary Perucho Beudin 2\u00ba de BAT<\/li><\/ul>\n\n\n\n<p>Los reconocimientos han sido entregados por \u00c0ngel Espinosa, director de la Escola Ull de Vent; Rosa Maria Banach, miembro del equipo directivo del Institut Coster de la Torre; la concejala de Educaci\u00f3n, Leo Uceda; y la alcaldesa de la Bisbal del Pened\u00e8s, Agn\u00e8s Ferr\u00e9.<\/p>\n\n\n\n<p>Los reconocimientos al m\u00e9rito escolar distinguen a los alumnos <em>bisbalencs <\/em>que han destacado acad\u00e9micamente. Si bien el criterio objetivo es el de premiar las mejores notas de estos finales de etapa, estos galardones tambi\u00e9n premian el esfuerzo, las ganas, la actitud y el compromiso de los alumnos en su propio proceso formativo. Todos los alumnos que han obtenido el reconocimiento han recibido un diploma conmemorativo y, adem\u00e1s, los alumnos de la Escola Ull de Vent han recibido un tel\u00e9fono m\u00f3vil y, los del Institut Coster de la Torre, un ordenador port\u00e1til.<\/p>\n","protected":false},"excerpt":{"rendered":"<p>La Regidoria d\u2019Ensenyament ha lliurat, avui 18 de novembre, els reconeixements al m\u00e8rit escolar del curs 2021-22 a cinc alumnes bisbalencs. Enguany, el lliurament ha tornat a la normalitat despr\u00e9s &hellip; <a href=\"https:\/\/bisbalpenedes.com\/web\/2022\/11\/18\/la-regidoria-densenyament-ha-entregat-els-reconeixements-al-merit-escolar-a-cinc-alumnes-bisbalencs-aquest-divendres\/\" class=\"more-link\">Read More<\/a><\/p>\n","protected":false},"author":4,"featured_media":23979,"comment_status":"closed","ping_status":"closed","sticky":false,"template":"","format":"standard","meta":[],"categories":[3456,8],"tags":[459,608,337,1475,393,2078,2072],"_links":{"self":[{"href":"https:\/\/bisbalpenedes.com\/web\/wp-json\/wp\/v2\/posts\/23977"}],"collection":[{"href":"https:\/\/bisbalpenedes.com\/web\/wp-json\/wp\/v2\/posts"}],"about":[{"href":"https:\/\/bisbalpenedes.com\/web\/wp-json\/wp\/v2\/types\/post"}],"author":[{"embeddable":true,"href":"https:\/\/bisbalpenedes.com\/web\/wp-json\/wp\/v2\/users\/4"}],"replies":[{"embeddable":true,"href":"https:\/\/bisbalpenedes.com\/web\/wp-json\/wp\/v2\/comments?post=23977"}],"version-history":[{"count":4,"href":"https:\/\/bisbalpenedes.com\/web\/wp-json\/wp\/v2\/posts\/23977\/revisions"}],"predecessor-version":[{"id":23986,"href":"https:\/\/bisbalpenedes.com\/web\/wp-json\/wp\/v2\/posts\/23977\/revisions\/23986"}],"wp:featuredmedia":[{"embeddable":true,"href":"https:\/\/bisbalpenedes.com\/web\/wp-json\/wp\/v2\/media\/23979"}],"wp:attachment":[{"href":"https:\/\/bisbalpenedes.com\/web\/wp-json\/wp\/v2\/media?parent=23977"}],"wp:term":[{"taxonomy":"category","embeddable":true,"href":"https:\/\/bisbalpenedes.com\/web\/wp-json\/wp\/v2\/categories?post=23977"},{"taxonomy":"post_tag","embeddable":true,"href":"https:\/\/bisbalpenedes.com\/web\/wp-json\/wp\/v2\/tags?post=23977"}],"curies":[{"name":"wp","href":"https:\/\/api.w.org\/{rel}","templated":true}]}}