{"id":23955,"date":"2022-11-16T21:52:11","date_gmt":"2022-11-16T19:52:11","guid":{"rendered":"https:\/\/bisbalpenedes.com\/web\/?p=23955"},"modified":"2022-11-16T21:52:11","modified_gmt":"2022-11-16T19:52:11","slug":"shan-aprovat-les-bases-per-tornar-a-treure-a-concurs-el-servei-de-bar-cafeteria-del-local-social-de-la-miralba","status":"publish","type":"post","link":"https:\/\/bisbalpenedes.com\/web\/2022\/11\/16\/shan-aprovat-les-bases-per-tornar-a-treure-a-concurs-el-servei-de-bar-cafeteria-del-local-social-de-la-miralba\/","title":{"rendered":"S\u2019han aprovat les bases per tornar a treure a concurs el servei de bar cafeteria del local social de la Miralba"},"content":{"rendered":"\n<p>El dilluns 14 de novembre es van aprovar inicialment, per Junta de govern local, les bases reguladores que regeixen la llic\u00e8ncia del bar cafeteria, sense cuina, del local social de la Miralba. Aquestes bases estaran exposades al p\u00fablic fins al divendres 16 de desembre. Si, arribada aquesta data, no s\u2019han presentat al\u00b7legacions, s\u2019aprovaran definitivament i ja es podr\u00e0 iniciar el procediment de concurs de la gesti\u00f3 del servei de bar i cafeteria del local social de la Miralba.<\/p>\n\n\n\n<p>Val a dir que les bases presenten els seg\u00fcents canvis respecte de les anteriors:<\/p>\n\n\n\n<ul><li>El dia de descans ser\u00e0 el dia que tri\u00ef l\u2019adjudicatari (un dia a la setmana entre el dilluns i el dijous).<\/li><li>L\u2019horari d\u2019obertura que es proposa \u00e9s de 8:00h a 13:30h i de 16:00h a 19:00h. No obstant aix\u00f2, les bases inclouen com a criteri puntuable \u00a0el fet que l\u2019adjudicatari obri m\u00e9s hores de les proposades.<\/li><\/ul>\n\n\n\n<p>Podeu trobar l\u2019anunci publicat al BOPT al seg\u00fcent enlla\u00e7: <a href=\"https:\/\/www.diputaciodetarragona.cat\/ebop\/index.php?op=anunci&amp;id=10346&amp;ebop_any=2022\">https:\/\/www.diputaciodetarragona.cat\/ebop\/index.php?op=anunci&amp;id=10346&amp;ebop_any=2022<\/a><\/p>\n\n\n\n<hr class=\"wp-block-separator has-alpha-channel-opacity\"\/>\n\n\n\n<p><strong>CASTELLANO |<\/strong> El lunes 14 de noviembre se aprobaron inicialmente, por Junta de gobierno local, las bases reguladoras que rigen la licencia del bar cafeter\u00eda, sin cocina, del local social de la Miralba. Estas bases estar\u00e1n expuestas al p\u00fablico hasta el viernes 16 de diciembre. Si, llegada esta fecha, no se han presentado alegaciones, se aprobar\u00e1n definitivamente y ya se podr\u00e1 iniciar el procedimiento de concurso de la gesti\u00f3n del servicio de bar y cafeter\u00eda del local social de la Miralba.<\/p>\n\n\n\n<p>Cabe decir que las bases presentan los siguientes cambios respecto a las anteriores:<\/p>\n\n\n\n<ul><li>El d\u00eda de descanso ser\u00e1 el d\u00eda que elija el adjudicatario (un d\u00eda a la semana entre el lunes y el jueves).<\/li><li>El horario de apertura que se propone es de 8:00h a 13:30h y de 16:00h a 19:00h. No obstante, las bases incluyen como criterio puntuable el hecho que el adjudicatario abra m\u00e1s horas de las propuestas.<\/li><\/ul>\n\n\n\n<p>Pod\u00e9is encontrar el anuncio publicado en el BOPT en el siguiente enlace: <a href=\"https:\/\/www.diputaciodetarragona.cat\/ebop\/index.php?op=anunci&amp;id=10346&amp;ebop_any=2022\">https:\/\/www.diputaciodetarragona.cat\/ebop\/index.php?op=anunci&amp;id=10346&amp;ebop_any=2022<\/a><\/p>\n","protected":false},"excerpt":{"rendered":"<p>El dilluns 14 de novembre es van aprovar inicialment, per Junta de govern local, les bases reguladores que regeixen la llic\u00e8ncia del bar cafeteria, sense cuina, del local social de &hellip; <a href=\"https:\/\/bisbalpenedes.com\/web\/2022\/11\/16\/shan-aprovat-les-bases-per-tornar-a-treure-a-concurs-el-servei-de-bar-cafeteria-del-local-social-de-la-miralba\/\" class=\"more-link\">Read More<\/a><\/p>\n","protected":false},"author":4,"featured_media":23959,"comment_status":"closed","ping_status":"closed","sticky":false,"template":"","format":"standard","meta":[],"categories":[8],"tags":[176,5608,393,246,247],"_links":{"self":[{"href":"https:\/\/bisbalpenedes.com\/web\/wp-json\/wp\/v2\/posts\/23955"}],"collection":[{"href":"https:\/\/bisbalpenedes.com\/web\/wp-json\/wp\/v2\/posts"}],"about":[{"href":"https:\/\/bisbalpenedes.com\/web\/wp-json\/wp\/v2\/types\/post"}],"author":[{"embeddable":true,"href":"https:\/\/bisbalpenedes.com\/web\/wp-json\/wp\/v2\/users\/4"}],"replies":[{"embeddable":true,"href":"https:\/\/bisbalpenedes.com\/web\/wp-json\/wp\/v2\/comments?post=23955"}],"version-history":[{"count":2,"href":"https:\/\/bisbalpenedes.com\/web\/wp-json\/wp\/v2\/posts\/23955\/revisions"}],"predecessor-version":[{"id":23958,"href":"https:\/\/bisbalpenedes.com\/web\/wp-json\/wp\/v2\/posts\/23955\/revisions\/23958"}],"wp:featuredmedia":[{"embeddable":true,"href":"https:\/\/bisbalpenedes.com\/web\/wp-json\/wp\/v2\/media\/23959"}],"wp:attachment":[{"href":"https:\/\/bisbalpenedes.com\/web\/wp-json\/wp\/v2\/media?parent=23955"}],"wp:term":[{"taxonomy":"category","embeddable":true,"href":"https:\/\/bisbalpenedes.com\/web\/wp-json\/wp\/v2\/categories?post=23955"},{"taxonomy":"post_tag","embeddable":true,"href":"https:\/\/bisbalpenedes.com\/web\/wp-json\/wp\/v2\/tags?post=23955"}],"curies":[{"name":"wp","href":"https:\/\/api.w.org\/{rel}","templated":true}]}}