{"id":23882,"date":"2022-11-15T11:52:25","date_gmt":"2022-11-15T09:52:25","guid":{"rendered":"https:\/\/bisbalpenedes.com\/web\/?p=23882"},"modified":"2022-11-15T11:52:25","modified_gmt":"2022-11-15T09:52:25","slug":"el-proper-divendres-25-de-novembre-lespai-jove-de-banyeres-acollira-la-xerrada-comparteixes-pis-amb-mi-adrecada-a-joves","status":"publish","type":"post","link":"https:\/\/bisbalpenedes.com\/web\/2022\/11\/15\/el-proper-divendres-25-de-novembre-lespai-jove-de-banyeres-acollira-la-xerrada-comparteixes-pis-amb-mi-adrecada-a-joves\/","title":{"rendered":"El proper divendres 25 de novembre l&#8217;Espai Jove de Banyeres acollir\u00e0 la xerrada &#8220;Comparteixes pis amb mi?&#8221; adre\u00e7ada a joves"},"content":{"rendered":"\n<p>El divendres 25 de novembre, a les 17:30h, es far\u00e0 la xerrada \u201cComparteixes pis amb mi?\u201d a l\u2019Espai Jove de Banyeres del Pened\u00e8s.<\/p>\n\n\n\n<p>Es tracta d\u2019un taller per a joves a partir de 18 anys amb informaci\u00f3 relacionada amb el fet de compartir pis: buscar habitaci\u00f3, contracte, conviv\u00e8ncia, aspectes legals\u2026<\/p>\n\n\n\n<p>Podeu reservar la vostra pla\u00e7a enviant un correu electr\u00f2nic a <a href=\"mailto:banyeresespaijove@gmail.com\" target=\"_blank\" rel=\"noreferrer noopener\">banyeresespaijove@gmail.com<\/a><\/p>\n\n\n\n<hr class=\"wp-block-separator has-alpha-channel-opacity\"\/>\n\n\n\n<p>El viernes 25 de noviembre, a las 17:30h, se har\u00e1 la charla \u201c\u00bfCompartes piso conmigo?\u201d en el Espai Jove de Banyeres del Pened\u00e8s.<\/p>\n\n\n\n<p>Se trata de un taller para j\u00f3venes de a partir de 18 a\u00f1os con informaci\u00f3n relacionada con el hecho de compartir piso: buscar habitaci\u00f3n, contrato, convivencia, aspectos legales\u2026<br>Pod\u00e9is reservar vuestra plaza mandando un correo electr\u00f3nico a <a rel=\"noreferrer noopener\" href=\"mailto:banyeresespaijove@gmail.com\" target=\"_blank\">banyeresespaijove@gmail.com<\/a><\/p>\n","protected":false},"excerpt":{"rendered":"<p>El divendres 25 de novembre, a les 17:30h, es far\u00e0 la xerrada \u201cComparteixes pis amb mi?\u201d a l\u2019Espai Jove de Banyeres del Pened\u00e8s. Es tracta d\u2019un taller per a joves &hellip; <a href=\"https:\/\/bisbalpenedes.com\/web\/2022\/11\/15\/el-proper-divendres-25-de-novembre-lespai-jove-de-banyeres-acollira-la-xerrada-comparteixes-pis-amb-mi-adrecada-a-joves\/\" class=\"more-link\">Read More<\/a><\/p>\n","protected":false},"author":4,"featured_media":23883,"comment_status":"closed","ping_status":"closed","sticky":false,"template":"","format":"standard","meta":[],"categories":[8],"tags":[459,3256,5602,1374],"_links":{"self":[{"href":"https:\/\/bisbalpenedes.com\/web\/wp-json\/wp\/v2\/posts\/23882"}],"collection":[{"href":"https:\/\/bisbalpenedes.com\/web\/wp-json\/wp\/v2\/posts"}],"about":[{"href":"https:\/\/bisbalpenedes.com\/web\/wp-json\/wp\/v2\/types\/post"}],"author":[{"embeddable":true,"href":"https:\/\/bisbalpenedes.com\/web\/wp-json\/wp\/v2\/users\/4"}],"replies":[{"embeddable":true,"href":"https:\/\/bisbalpenedes.com\/web\/wp-json\/wp\/v2\/comments?post=23882"}],"version-history":[{"count":1,"href":"https:\/\/bisbalpenedes.com\/web\/wp-json\/wp\/v2\/posts\/23882\/revisions"}],"predecessor-version":[{"id":23884,"href":"https:\/\/bisbalpenedes.com\/web\/wp-json\/wp\/v2\/posts\/23882\/revisions\/23884"}],"wp:featuredmedia":[{"embeddable":true,"href":"https:\/\/bisbalpenedes.com\/web\/wp-json\/wp\/v2\/media\/23883"}],"wp:attachment":[{"href":"https:\/\/bisbalpenedes.com\/web\/wp-json\/wp\/v2\/media?parent=23882"}],"wp:term":[{"taxonomy":"category","embeddable":true,"href":"https:\/\/bisbalpenedes.com\/web\/wp-json\/wp\/v2\/categories?post=23882"},{"taxonomy":"post_tag","embeddable":true,"href":"https:\/\/bisbalpenedes.com\/web\/wp-json\/wp\/v2\/tags?post=23882"}],"curies":[{"name":"wp","href":"https:\/\/api.w.org\/{rel}","templated":true}]}}