{"id":2385,"date":"2017-05-10T04:05:15","date_gmt":"2017-05-09T22:05:15","guid":{"rendered":"http:\/\/bisbalpenedes.com\/web\/?p=2385"},"modified":"2017-05-10T20:24:20","modified_gmt":"2017-05-10T14:24:20","slug":"aquest-dissabte-sinstal-laran-tres-noves-plaques-commemoratives-dels-castells-inedits-fets-a-la-bisbal-a-la-facana-de-la-societat","status":"publish","type":"post","link":"https:\/\/bisbalpenedes.com\/web\/2017\/05\/10\/aquest-dissabte-sinstal-laran-tres-noves-plaques-commemoratives-dels-castells-inedits-fets-a-la-bisbal-a-la-facana-de-la-societat\/","title":{"rendered":"Aquest dissabte 13 de maig s&#8217;instal.laran tres noves plaques commemoratives dels castells in\u00e8dits fets a La Bisbal a la fa\u00e7ana de La Societat"},"content":{"rendered":"<p style=\"text-align: center;\"><a href=\"http:\/\/bisbalpenedes.com\/web\/wp-content\/uploads\/2017\/05\/PLAQUES-CASTELLERES-2017e.jpg\" target=\"_blank\"><img loading=\"lazy\" class=\"aligncenter size-medium wp-image-2386\" title=\"PLAQUES-CASTELLERES-2017e\" src=\"http:\/\/bisbalpenedes.com\/web\/wp-content\/uploads\/2017\/05\/PLAQUES-CASTELLERES-2017e-213x300.jpg\" alt=\"\" width=\"213\" height=\"300\" srcset=\"https:\/\/bisbalpenedes.com\/web\/wp-content\/uploads\/2017\/05\/PLAQUES-CASTELLERES-2017e-213x300.jpg 213w, https:\/\/bisbalpenedes.com\/web\/wp-content\/uploads\/2017\/05\/PLAQUES-CASTELLERES-2017e-600x843.jpg 600w, https:\/\/bisbalpenedes.com\/web\/wp-content\/uploads\/2017\/05\/PLAQUES-CASTELLERES-2017e-729x1024.jpg 729w, https:\/\/bisbalpenedes.com\/web\/wp-content\/uploads\/2017\/05\/PLAQUES-CASTELLERES-2017e.jpg 767w\" sizes=\"(max-width: 213px) 100vw, 213px\" \/><\/a><\/p>\n<p>Aquest dissabte 13 de maig a les 18h tindr\u00e0 lloc la col\u00b7locaci\u00f3 de tres plaques castelleres commemoratives dels castells in\u00e8dits fets a la pla\u00e7a Bisbalenca. Com \u00e9s habitual s\u2019ubicaran a la fa\u00e7ana de La Societat C.R.B. Aquestes plaques s\u00f3n les que commemoren el 3d9fa i el 3d8ps dels Castellers de Vilafranca, el 4d9dp i el 5d9fc de la Colla Vella dels Xiquets de Valls i el primer Castell de 7 de la Colla Castellera de La Bisbal, el 3 de 7 dels Bous.<\/p>\n<p>Les plaques han estat realitzades per la ceramista arbocenca <a href=\"http:\/\/www.mardefang.com\/sobre-nosaltres\/qui-som\" target=\"_blank\">Merc\u00e8 L\u00f3pez<\/a> i han estat encarregades i pagades per l\u2019Ajuntament de La Bisbal. La col\u00b7locaci\u00f3 a la fa\u00e7ana anir\u00e0 a c\u00e0rrec de La Societat.<\/p>\n<p>L\u2019acte comptar\u00e0 amb la intervenci\u00f3 del president de la Societat, Josep Pallar\u00e9s i de l\u2019alcaldessa de La Bisbal, Agn\u00e8s Ferr\u00e9. Tamb\u00e9 s\u2019espera poder comptar amb l\u2019alcalde de Vilafranca, Pere Regull, i l\u2019alcalde de Valls, Albert Batet.<\/p>\n<p>Val a dir que en les \u00faltimes ocasions l&#8217;equip de govern anterior no va pagar les plaques ni va assistir a la seva col\u00b7locaci\u00f3.<\/p>\n<p>&nbsp;<\/p>\n<p>&nbsp;<\/p>\n<p><strong>Les altres plaques de la fa\u00e7ana<\/strong><\/p>\n<p style=\"text-align: center;\"><a href=\"http:\/\/bisbalpenedes.com\/web\/wp-content\/uploads\/2017\/05\/facana-societat.jpg\" target=\"_blank\"><img loading=\"lazy\" class=\"aligncenter size-medium wp-image-2387\" title=\"facana societat\" src=\"http:\/\/bisbalpenedes.com\/web\/wp-content\/uploads\/2017\/05\/facana-societat-300x225.jpg\" alt=\"\" width=\"300\" height=\"225\" srcset=\"https:\/\/bisbalpenedes.com\/web\/wp-content\/uploads\/2017\/05\/facana-societat-300x225.jpg 300w, https:\/\/bisbalpenedes.com\/web\/wp-content\/uploads\/2017\/05\/facana-societat-600x450.jpg 600w, https:\/\/bisbalpenedes.com\/web\/wp-content\/uploads\/2017\/05\/facana-societat-1024x768.jpg 1024w\" sizes=\"(max-width: 300px) 100vw, 300px\" \/><\/a><\/p>\n<p>&nbsp;<\/p>\n<p>El 1993 es van comen\u00e7ar a col\u00b7locar plaques de castells in\u00e8dits fets a la pla\u00e7a durant la Diada castellera del 15 d&#8217;agost a la fa\u00e7ana de La Societat. Fins ara s\u2019hi han instal\u00b7lat les seg\u00fcents:<\/p>\n<p>1993: placa del 3d9f (Joves Xiquets de Valls) del 15 d&#8217;agost del 1992<\/p>\n<p>1995: placa del 4d9f (Castellers de Vilafranca), del 15 d&#8217;agost de 1994<\/p>\n<p>1997: placa doble del 4d8a i P7f (Castellers de Vilafranca), del 15 d&#8217;agost de 1996<\/p>\n<p>2000: placa del T9fm (Castellers de Vilafranca), del 15 d&#8217;agost del 1999<\/p>\n<p>2001: plaques del 4d9c (Joves Xiquets de Valls) i P8fm (Castellers de Vilafranca), del 15 d&#8217;agost del 2000<\/p>\n<p>2002: placa del 3d8psc (Vella dels Xiquets de Valls), del 15 d&#8217;agost de 2001<\/p>\n<p>2008: placa del 3d8a (Castellers de Vilafranca), del 15 d&#8217;agost de 2007<\/p>\n<p>2011: placa del 5d8a (Castellers de Vilafranca), del 15 d&#8217;agost de 2010<\/p>\n<p>2013: plaques del 9d8 (Vella dels Xiquets de Valls) i 7d8 (Joves Xiquets de Valls), del 15 d&#8217;agost del 2012<\/p>\n<p>&nbsp;<\/p>\n<p style=\"text-align: center;\"><a href=\"http:\/\/bisbalpenedes.com\/web\/wp-content\/uploads\/2017\/05\/plaques-societat.jpg\" target=\"_blank\"><img loading=\"lazy\" class=\"aligncenter size-medium wp-image-2388\" title=\"plaques societat\" src=\"http:\/\/bisbalpenedes.com\/web\/wp-content\/uploads\/2017\/05\/plaques-societat-300x254.jpg\" alt=\"\" width=\"300\" height=\"254\" srcset=\"https:\/\/bisbalpenedes.com\/web\/wp-content\/uploads\/2017\/05\/plaques-societat-300x254.jpg 300w, https:\/\/bisbalpenedes.com\/web\/wp-content\/uploads\/2017\/05\/plaques-societat-600x509.jpg 600w, https:\/\/bisbalpenedes.com\/web\/wp-content\/uploads\/2017\/05\/plaques-societat-1024x867.jpg 1024w\" sizes=\"(max-width: 300px) 100vw, 300px\" \/><\/a><\/p>\n<p>&nbsp;<\/p>\n","protected":false},"excerpt":{"rendered":"<p>Aquest dissabte 13 de maig a les 18h tindr\u00e0 lloc la col\u00b7locaci\u00f3 de tres plaques castelleres commemoratives dels castells in\u00e8dits fets a la pla\u00e7a Bisbalenca. Com \u00e9s habitual s\u2019ubicaran a &hellip; <a href=\"https:\/\/bisbalpenedes.com\/web\/2017\/05\/10\/aquest-dissabte-sinstal-laran-tres-noves-plaques-commemoratives-dels-castells-inedits-fets-a-la-bisbal-a-la-facana-de-la-societat\/\" class=\"more-link\">Read More<\/a><\/p>\n","protected":false},"author":4,"featured_media":2386,"comment_status":"closed","ping_status":"closed","sticky":false,"template":"","format":"standard","meta":[],"categories":[13],"tags":[378,377,379,380,376,300,381,375],"_links":{"self":[{"href":"https:\/\/bisbalpenedes.com\/web\/wp-json\/wp\/v2\/posts\/2385"}],"collection":[{"href":"https:\/\/bisbalpenedes.com\/web\/wp-json\/wp\/v2\/posts"}],"about":[{"href":"https:\/\/bisbalpenedes.com\/web\/wp-json\/wp\/v2\/types\/post"}],"author":[{"embeddable":true,"href":"https:\/\/bisbalpenedes.com\/web\/wp-json\/wp\/v2\/users\/4"}],"replies":[{"embeddable":true,"href":"https:\/\/bisbalpenedes.com\/web\/wp-json\/wp\/v2\/comments?post=2385"}],"version-history":[{"count":6,"href":"https:\/\/bisbalpenedes.com\/web\/wp-json\/wp\/v2\/posts\/2385\/revisions"}],"predecessor-version":[{"id":2391,"href":"https:\/\/bisbalpenedes.com\/web\/wp-json\/wp\/v2\/posts\/2385\/revisions\/2391"}],"wp:featuredmedia":[{"embeddable":true,"href":"https:\/\/bisbalpenedes.com\/web\/wp-json\/wp\/v2\/media\/2386"}],"wp:attachment":[{"href":"https:\/\/bisbalpenedes.com\/web\/wp-json\/wp\/v2\/media?parent=2385"}],"wp:term":[{"taxonomy":"category","embeddable":true,"href":"https:\/\/bisbalpenedes.com\/web\/wp-json\/wp\/v2\/categories?post=2385"},{"taxonomy":"post_tag","embeddable":true,"href":"https:\/\/bisbalpenedes.com\/web\/wp-json\/wp\/v2\/tags?post=2385"}],"curies":[{"name":"wp","href":"https:\/\/api.w.org\/{rel}","templated":true}]}}