{"id":23835,"date":"2022-11-14T10:50:00","date_gmt":"2022-11-14T08:50:00","guid":{"rendered":"https:\/\/bisbalpenedes.com\/web\/?p=23835"},"modified":"2022-11-17T14:05:31","modified_gmt":"2022-11-17T12:05:31","slug":"lajuntament-de-la-bisbal-del-penedes-i-joventut-bisbalenca-cf-signen-un-conveni-de-collaboracio-per-a-la-temporada-2022-2023","status":"publish","type":"post","link":"https:\/\/bisbalpenedes.com\/web\/2022\/11\/14\/lajuntament-de-la-bisbal-del-penedes-i-joventut-bisbalenca-cf-signen-un-conveni-de-collaboracio-per-a-la-temporada-2022-2023\/","title":{"rendered":"L\u2019Ajuntament de la Bisbal del Pened\u00e8s i Joventut Bisbalenca CF signen un conveni de col\u00b7laboraci\u00f3 per a la temporada 2022\/2023"},"content":{"rendered":"\n<p>L\u2019Ajuntament de la Bisbal del Pened\u00e8s i Joventut Bisbalenca CF han signat un conveni de col\u00b7laboraci\u00f3 per a la temporada 2022\/2023 amb l\u2019objectiu de promoure l\u2019esport al municipi, fomentar les activitats esportives de car\u00e0cter formatiu i de competici\u00f3 i, en especial, les relacionades amb el futbol. Mitjan\u00e7ant el conveni, l\u2019Ajuntament concedeix a l\u2019entitat un import de 23.000\u20ac, de forma directa, per a les activitats que es realitzin entre l&#8217;inici de la temporada i el 30 de juny de 2023. Aquestes activitats han de tenir a veure amb les fitxes, els arbitratges, els despla\u00e7aments, les equipacions i altres conceptes relacionats amb les activitats que du a terme el club.\u00a0<\/p>\n\n\n\n<p>La Junta de govern del dilluns 7 de novembre va aprovar aquest conveni de col\u00b7laboraci\u00f3, que s\u2019emmarca en el Pla estrat\u00e8gic de subvencions de l\u2019Ajuntament de la Bisbal del Pened\u00e8s per a l\u2019exercici 2022, que preveu la concessi\u00f3 d\u2019una subvenci\u00f3 nominativa de 23.000\u20ac a l\u2019entitat Joventut Bisbalenca C.F., que \u00e9s una entitat esportiva sense \u00e0nim de lucre legalment constitu\u00efda, inscrita en el Registre municipal d\u2019entitats i dedicada al foment i la pr\u00e0ctica continuada de l\u2019activitat esportiva, concretament al futbol. L\u2019import de l\u2019esmentat conveni s\u2019abona de la seg\u00fcent manera: 18.000\u20ac en el moment de la signatura del conveni i 5.000\u20ac quan es justifiquin les despeses de la subvenci\u00f3, el juliol de 2023.<\/p>\n\n\n\n<hr class=\"wp-block-separator has-alpha-channel-opacity\"\/>\n\n\n\n<p><strong>CASTELLANO<\/strong>\u00a0| El Ayuntamiento de la Bisbal del Pened\u00e8s y Joventut Bisbalenca CF han firmado un convenio de colaboraci\u00f3n para la temporada 2022\/2023 con el objetivo de promover el deporte en el municipio, fomentar las actividades deportivas de car\u00e1cter formativo y de competici\u00f3n y, en especial, las relacionadas con el f\u00fatbol. Mediante el convenio, el Ayuntamiento concede a la entidad un importe de 23.000\u20ac, de forma directa, para las actividades que se realicen entre el inicio de la temporada y el 30 de junio de 2023. Estas actividades tienen que tener que ver con fichas, los arbitrajes, los desplazamientos, las equipaciones y otros conceptos relacionados con las actividades que lleva a cabo el club.<\/p>\n\n\n\n<p>La Junta de gobierno del lunes 7 de noviembre aprob\u00f3 este convenio de colaboraci\u00f3n, que se enmarca en el Plan estrat\u00e9gico de subvenciones del Ayuntamiento de la Bisbal del Pened\u00e8s para el ejercicio 2022, que prev\u00e9 la concesi\u00f3n de una subvenci\u00f3n nominativa de 23.000\u20ac a la entidad Joventut Bisbalenca C.F., que es una entidad deportiva sin \u00e1nimo de lucro legalmente constituida, inscrita en el Registro municipal de entidades y dedicada al fomento y la pr\u00e1ctica continua de la actividad deportiva, concretamente el f\u00fatbol. El importe del citado convenio se abona de la siguiente manera: 18.000\u20ac en el momento de la firma del convenio y 5.000\u20ac cuando se justifiquen los gastos de la subvenci\u00f3n, en julio de 2023.<\/p>\n","protected":false},"excerpt":{"rendered":"<p>L\u2019Ajuntament de la Bisbal del Pened\u00e8s i Joventut Bisbalenca CF han signat un conveni de col\u00b7laboraci\u00f3 per a la temporada 2022\/2023 amb l\u2019objectiu de promoure l\u2019esport al municipi, fomentar les &hellip; <a href=\"https:\/\/bisbalpenedes.com\/web\/2022\/11\/14\/lajuntament-de-la-bisbal-del-penedes-i-joventut-bisbalenca-cf-signen-un-conveni-de-collaboracio-per-a-la-temporada-2022-2023\/\" class=\"more-link\">Read More<\/a><\/p>\n","protected":false},"author":4,"featured_media":23836,"comment_status":"closed","ping_status":"closed","sticky":false,"template":"","format":"standard","meta":[],"categories":[20,19,3085,8],"tags":[459,367,345,4037,393,1374],"_links":{"self":[{"href":"https:\/\/bisbalpenedes.com\/web\/wp-json\/wp\/v2\/posts\/23835"}],"collection":[{"href":"https:\/\/bisbalpenedes.com\/web\/wp-json\/wp\/v2\/posts"}],"about":[{"href":"https:\/\/bisbalpenedes.com\/web\/wp-json\/wp\/v2\/types\/post"}],"author":[{"embeddable":true,"href":"https:\/\/bisbalpenedes.com\/web\/wp-json\/wp\/v2\/users\/4"}],"replies":[{"embeddable":true,"href":"https:\/\/bisbalpenedes.com\/web\/wp-json\/wp\/v2\/comments?post=23835"}],"version-history":[{"count":4,"href":"https:\/\/bisbalpenedes.com\/web\/wp-json\/wp\/v2\/posts\/23835\/revisions"}],"predecessor-version":[{"id":23961,"href":"https:\/\/bisbalpenedes.com\/web\/wp-json\/wp\/v2\/posts\/23835\/revisions\/23961"}],"wp:featuredmedia":[{"embeddable":true,"href":"https:\/\/bisbalpenedes.com\/web\/wp-json\/wp\/v2\/media\/23836"}],"wp:attachment":[{"href":"https:\/\/bisbalpenedes.com\/web\/wp-json\/wp\/v2\/media?parent=23835"}],"wp:term":[{"taxonomy":"category","embeddable":true,"href":"https:\/\/bisbalpenedes.com\/web\/wp-json\/wp\/v2\/categories?post=23835"},{"taxonomy":"post_tag","embeddable":true,"href":"https:\/\/bisbalpenedes.com\/web\/wp-json\/wp\/v2\/tags?post=23835"}],"curies":[{"name":"wp","href":"https:\/\/api.w.org\/{rel}","templated":true}]}}