{"id":23831,"date":"2022-11-14T08:00:00","date_gmt":"2022-11-14T06:00:00","guid":{"rendered":"https:\/\/bisbalpenedes.com\/web\/?p=23831"},"modified":"2022-11-12T18:29:06","modified_gmt":"2022-11-12T16:29:06","slug":"avui-dilluns-es-el-dia-mundial-de-la-diabetis-i-la-facana-de-la-casa-de-la-vila-silluminara-de-color-blau","status":"publish","type":"post","link":"https:\/\/bisbalpenedes.com\/web\/2022\/11\/14\/avui-dilluns-es-el-dia-mundial-de-la-diabetis-i-la-facana-de-la-casa-de-la-vila-silluminara-de-color-blau\/","title":{"rendered":"Avui dilluns \u00e9s el Dia Mundial de la Diabetis i la fa\u00e7ana de la Casa de la Vila s&#8217;il\u00b7luminar\u00e0 de color blau"},"content":{"rendered":"\n<figure class=\"wp-block-embed\"><div class=\"wp-block-embed__wrapper\">\nhttps:\/\/worlddiabetesday.org\/understandingdiabetes\n<\/div><\/figure>\n\n\n\n<p>Avui dilluns 14 de novembre \u00e9s el Dia Mundial de la Diabetis i l&#8217;Ajuntament de la Bisbal del Pened\u00e8s col\u00b7labora amb la campanya que promou la Federaci\u00f3 Espanyola de Diabetis (FEDE). Aquest vespre, l&#8217;Ajuntament de la Bisbal del Pened\u00e8s s&#8217;il\u00b7luminar\u00e0 de color blau.<\/p>\n\n\n\n<p>El lema de la campanya d&#8217;enguany \u00e9s &#8220;Educar per protegir el futur&#8221;. D&#8217;aquesta manera, es considera que l&#8217;educaci\u00f3 \u00e9s clau per a la prevenci\u00f3 i per tenir cura de les persones que pateixen la malaltia.<\/p>\n\n\n\n<p>Per a m\u00e9s informaci\u00f3 podeu accedir a <a href=\"https:\/\/worlddiabetesday.org\/understandingdiabetes\" target=\"_blank\" rel=\"noreferrer noopener\">https:\/\/worlddiabetesday.org\/understandingdiabetes<\/a><\/p>\n\n\n\n<figure class=\"wp-block-image size-full\"><img loading=\"lazy\" width=\"600\" height=\"848\" src=\"https:\/\/bisbalpenedes.com\/web\/wp-content\/uploads\/2022\/11\/42EF48FC-062C-421C-A2C6-3D7584AF792F.png\" alt=\"\" class=\"wp-image-23833\" srcset=\"https:\/\/bisbalpenedes.com\/web\/wp-content\/uploads\/2022\/11\/42EF48FC-062C-421C-A2C6-3D7584AF792F.png 600w, https:\/\/bisbalpenedes.com\/web\/wp-content\/uploads\/2022\/11\/42EF48FC-062C-421C-A2C6-3D7584AF792F-212x300.png 212w\" sizes=\"(max-width: 600px) 100vw, 600px\" \/><\/figure>\n\n\n\n<hr class=\"wp-block-separator has-alpha-channel-opacity\"\/>\n\n\n\n<p><strong>CASTELLANO<\/strong> | Hoy lunes 14 de noviembre es el D\u00eda Mundial de la Diabetes y el  de la Bisbal del Pened\u00e8s colabora con la campa\u00f1a que promueve la Federaci\u00f3n Espa\u00f1ola de Diabetes (FEDE). Hoy, al anochecer, el Ayuntamiento de la Bisbal del Pened\u00e8s se iluminar\u00e1 de color azul.<\/p>\n\n\n\n<p>El lema de la campa\u00f1a de este a\u00f1o es &#8220;Educar para proteger el futuro&#8221;. De esta manera, se considera que la educaci\u00f3n es clave para la prevenci\u00f3n y para cuidar a las personas que sufren la enfermedad.<\/p>\n\n\n\n<p>Para m\u00e1s informaci\u00f3n pod\u00e9is acceder a <a href=\"https:\/\/worlddiabetesday.org\/understandingdiabetes\" target=\"_blank\" rel=\"noreferrer noopener\">https:\/\/worlddiabetesday.org\/understandingdiabetes<\/a><\/p>\n","protected":false},"excerpt":{"rendered":"<p>Avui dilluns 14 de novembre \u00e9s el Dia Mundial de la Diabetis i l&#8217;Ajuntament de la Bisbal del Pened\u00e8s col\u00b7labora amb la campanya que promou la Federaci\u00f3 Espanyola de Diabetis &hellip; <a href=\"https:\/\/bisbalpenedes.com\/web\/2022\/11\/14\/avui-dilluns-es-el-dia-mundial-de-la-diabetis-i-la-facana-de-la-casa-de-la-vila-silluminara-de-color-blau\/\" class=\"more-link\">Read More<\/a><\/p>\n","protected":false},"author":4,"featured_media":23832,"comment_status":"closed","ping_status":"closed","sticky":false,"template":"","format":"standard","meta":[],"categories":[8],"tags":[5600,5599,393,5601],"_links":{"self":[{"href":"https:\/\/bisbalpenedes.com\/web\/wp-json\/wp\/v2\/posts\/23831"}],"collection":[{"href":"https:\/\/bisbalpenedes.com\/web\/wp-json\/wp\/v2\/posts"}],"about":[{"href":"https:\/\/bisbalpenedes.com\/web\/wp-json\/wp\/v2\/types\/post"}],"author":[{"embeddable":true,"href":"https:\/\/bisbalpenedes.com\/web\/wp-json\/wp\/v2\/users\/4"}],"replies":[{"embeddable":true,"href":"https:\/\/bisbalpenedes.com\/web\/wp-json\/wp\/v2\/comments?post=23831"}],"version-history":[{"count":1,"href":"https:\/\/bisbalpenedes.com\/web\/wp-json\/wp\/v2\/posts\/23831\/revisions"}],"predecessor-version":[{"id":23834,"href":"https:\/\/bisbalpenedes.com\/web\/wp-json\/wp\/v2\/posts\/23831\/revisions\/23834"}],"wp:featuredmedia":[{"embeddable":true,"href":"https:\/\/bisbalpenedes.com\/web\/wp-json\/wp\/v2\/media\/23832"}],"wp:attachment":[{"href":"https:\/\/bisbalpenedes.com\/web\/wp-json\/wp\/v2\/media?parent=23831"}],"wp:term":[{"taxonomy":"category","embeddable":true,"href":"https:\/\/bisbalpenedes.com\/web\/wp-json\/wp\/v2\/categories?post=23831"},{"taxonomy":"post_tag","embeddable":true,"href":"https:\/\/bisbalpenedes.com\/web\/wp-json\/wp\/v2\/tags?post=23831"}],"curies":[{"name":"wp","href":"https:\/\/api.w.org\/{rel}","templated":true}]}}