{"id":23828,"date":"2022-11-12T17:08:08","date_gmt":"2022-11-12T15:08:08","guid":{"rendered":"https:\/\/bisbalpenedes.com\/web\/?p=23828"},"modified":"2022-11-12T17:08:08","modified_gmt":"2022-11-12T15:08:08","slug":"es-licita-la-compra-de-mobiliari-per-a-les-oficines-municipals-per-27-14659e","status":"publish","type":"post","link":"https:\/\/bisbalpenedes.com\/web\/2022\/11\/12\/es-licita-la-compra-de-mobiliari-per-a-les-oficines-municipals-per-27-14659e\/","title":{"rendered":"Es licita la compra de mobiliari per a les oficines municipals per 27.146,59\u20ac"},"content":{"rendered":"\n<p>Comen\u00e7a el termini per presentar propostes a la licitaci\u00f3 per a l\u2019adquisici\u00f3 de mobiliari per a les oficines municipals. El termini va del 14 al 25 de novembre a les 13h. Podeu trobar tota la informaci\u00f3 al perfil del contractant:&nbsp;<a href=\"https:\/\/contractaciopublica.gencat.cat\/ecofin_pscp\/AppJava\/notice.pscp?reqCode=viewCn&amp;idDoc=111376718&amp;lawType=\">https:\/\/contractaciopublica.gencat.cat\/ecofin_pscp\/AppJava\/notice.pscp?reqCode=viewCn&amp;idDoc=111376718&amp;lawType=<\/a><\/p>\n\n\n\n<p>La Junta de govern del 7 de novembre va aprovar iniciar la licitaci\u00f3 per a la compra de mobiliari per a les oficines municipals perqu\u00e8 gran part d\u2019aquest es va adquirir l\u2019any 1992, amb la inauguraci\u00f3 del nou edifici municipal. Durant tots aquests anys, hi ha hagut variacions en els equipaments i a la casa consistorial, per les noves necessitats que han anat sorgint amb l\u2019increment de serveis al ciutad\u00e0 i de personal. Per tot plegat, s\u2019ha considerat necessari adequar el mobiliari a les noves necessitats i normatives de salut laboral.&nbsp;<\/p>\n\n\n\n<p>Concretament, s\u2019adquirir\u00e0:<\/p>\n\n\n\n<p><strong>Mobiliari per a l\u2019edifici municipal:<\/strong><\/p>\n\n\n\n<p>Renovaci\u00f3 i ampliaci\u00f3 del mobiliari per a la planta baixa, Servei d\u2019Atenci\u00f3 al Ciutad\u00e0:<\/p>\n\n\n\n<p>-Quatre cadires<\/p>\n\n\n\n<p>-Tres taules amb canalitzaci\u00f3 de cablejat<\/p>\n\n\n\n<p>-Dues cadires amb respatller i al\u00e7ada regulable, sense bra\u00e7os<\/p>\n\n\n\n<p>-Un armari gran amb portes<\/p>\n\n\n\n<p>Renovaci\u00f3 del mobiliari per a la primera planta:<\/p>\n\n\n\n<p>-Cinc taules amb canalitzaci\u00f3 de cablejat<\/p>\n\n\n\n<p>-Sis cadires amb respatller i al\u00e7ada regulable, sense bra\u00e7os<\/p>\n\n\n\n<p>-Tres armaris baixos, un armari mitj\u00e0 i un armari gran<\/p>\n\n\n\n<p>-Un penja-robes de peu<\/p>\n\n\n\n<p>Renovaci\u00f3 del mobiliari per a la segona planta:<\/p>\n\n\n\n<p>-Sis taules amb canalitzaci\u00f3 de cablejat<\/p>\n\n\n\n<p>-Set cadires<\/p>\n\n\n\n<p>-Un armari gran<\/p>\n\n\n\n<p><strong>Mobiliari per al Centre Municipal de Cultura:<\/strong><\/p>\n\n\n\n<p>Mobiliari per a l\u2019ampliaci\u00f3 del Servei de recerca de feina:<\/p>\n\n\n\n<p>-Dues taules amb canalitzaci\u00f3 de cablejat<\/p>\n\n\n\n<p>-Una cadira<\/p>\n\n\n\n<p>Mobiliari per a la renovaci\u00f3 i l\u2019ampliaci\u00f3 de la biblioteca municipal:<\/p>\n\n\n\n<p>-Una prestatgeria gran per a la biblioteca<\/p>\n\n\n\n<p>-Una taula-prestatgeria per a ordinadors amb canalitzaci\u00f3 de cablejat<\/p>\n\n\n\n<p>-2 sof\u00e0s de palets amb coixins<\/p>\n\n\n\n<hr class=\"wp-block-separator has-alpha-channel-opacity\"\/>\n\n\n\n<p><strong>CASTELLANO<\/strong>&nbsp;| Empieza el plazo para presentar propuestas a la licitaci\u00f3n para la adquisici\u00f3n de mobiliario para las oficinas municipales. El plazo va del 14 al 25 de noviembre a las 13h. Pod\u00e9is encontrar toda la informaci\u00f3n en el perfil del contratante:&nbsp;&nbsp;<a href=\"https:\/\/contractaciopublica.gencat.cat\/ecofin_pscp\/AppJava\/notice.pscp?reqCode=viewCn&amp;idDoc=111376718&amp;lawType=\">https:\/\/contractaciopublica.gencat.cat\/ecofin_pscp\/AppJava\/notice.pscp?reqCode=viewCn&amp;idDoc=111376718&amp;lawType=<\/a><\/p>\n\n\n\n<p>La Junta de gobierno del 7 de noviembre aprob\u00f3 iniciar la licitaci\u00f3n para la compra de mobiliario para las oficinas municipales para que gran parte de este se adquiri\u00f3 en el a\u00f1o 1992, con la inauguraci\u00f3n del nuevo edificio municipal. Durante todos estos a\u00f1os, ha habido variaciones en los equipamientos y en la casa consistorial, por las nuevas necesidades que han ido surgiendo con el incremento de servicios al ciudadano y de personal. Por todo ello, se ha considerado necesario adecuar el mobiliario a las nuevas necesidades y normativas de salud laboral.<\/p>\n\n\n\n<p>Concretamente, se adquirir\u00e1:<\/p>\n\n\n\n<p><strong>Mobiliario para el edificio municipal:<\/strong><\/p>\n\n\n\n<p>Renovaci\u00f3n y ampliaci\u00f3n del mobiliario para la planta baja, Servicio de Atenci\u00f3n al Ciudadano:<\/p>\n\n\n\n<p>-Cuatro sillas<\/p>\n\n\n\n<p>-Tres mesas con canalizaci\u00f3n de cableado<\/p>\n\n\n\n<p>-Dos sillas con respaldo y altura regulable, sin brazos<\/p>\n\n\n\n<p>-Un armario grande con puertas<\/p>\n\n\n\n<p>Renovaci\u00f3n del mobiliario para la primera planta:<\/p>\n\n\n\n<p>-Cinco mesas con canalizaci\u00f3n para cableado<\/p>\n\n\n\n<p>-Seis sillas con respaldo y altura regulable, sin brazos<\/p>\n\n\n\n<p>-Tres armarios bajos, un armario mediano y un armario grande<\/p>\n\n\n\n<p>-Un colgador de pie<\/p>\n\n\n\n<p>Renovaci\u00f3n del mobiliario para la segunda planta:<\/p>\n\n\n\n<p>-Seis mesas con canalizaci\u00f3n de cableado<\/p>\n\n\n\n<p>-Siete sillas<\/p>\n\n\n\n<p>-Un armario grande<\/p>\n\n\n\n<p><strong>Mobiliario para el Centre Municipal de Cultura:<\/strong><\/p>\n\n\n\n<p>Mobiliario para la ampliaci\u00f3n del Servicio de b\u00fasqueda de trabajo:<\/p>\n\n\n\n<p>-Dos mesas con canalizaci\u00f3n de cableado<\/p>\n\n\n\n<p>-Una silla<\/p>\n\n\n\n<p>Mobiliario para la renovaci\u00f3n y ampliaci\u00f3n de la biblioteca municipal:&nbsp;<\/p>\n\n\n\n<p>-Una estanter\u00eda grande para la biblioteca<\/p>\n\n\n\n<p>-una mesa-estanter\u00eda para ordenadores con canalizaci\u00f3n de cableado<\/p>\n\n\n\n<p>-2 sof\u00e1s de pal\u00e9s con cojines<\/p>\n","protected":false},"excerpt":{"rendered":"<p>Comen\u00e7a el termini per presentar propostes a la licitaci\u00f3 per a l\u2019adquisici\u00f3 de mobiliari per a les oficines municipals. El termini va del 14 al 25 de novembre a les &hellip; <a href=\"https:\/\/bisbalpenedes.com\/web\/2022\/11\/12\/es-licita-la-compra-de-mobiliari-per-a-les-oficines-municipals-per-27-14659e\/\" class=\"more-link\">Read More<\/a><\/p>\n","protected":false},"author":4,"featured_media":23829,"comment_status":"closed","ping_status":"closed","sticky":false,"template":"","format":"standard","meta":[],"categories":[8],"tags":[459,686,393,267,2605,1374],"_links":{"self":[{"href":"https:\/\/bisbalpenedes.com\/web\/wp-json\/wp\/v2\/posts\/23828"}],"collection":[{"href":"https:\/\/bisbalpenedes.com\/web\/wp-json\/wp\/v2\/posts"}],"about":[{"href":"https:\/\/bisbalpenedes.com\/web\/wp-json\/wp\/v2\/types\/post"}],"author":[{"embeddable":true,"href":"https:\/\/bisbalpenedes.com\/web\/wp-json\/wp\/v2\/users\/4"}],"replies":[{"embeddable":true,"href":"https:\/\/bisbalpenedes.com\/web\/wp-json\/wp\/v2\/comments?post=23828"}],"version-history":[{"count":1,"href":"https:\/\/bisbalpenedes.com\/web\/wp-json\/wp\/v2\/posts\/23828\/revisions"}],"predecessor-version":[{"id":23830,"href":"https:\/\/bisbalpenedes.com\/web\/wp-json\/wp\/v2\/posts\/23828\/revisions\/23830"}],"wp:featuredmedia":[{"embeddable":true,"href":"https:\/\/bisbalpenedes.com\/web\/wp-json\/wp\/v2\/media\/23829"}],"wp:attachment":[{"href":"https:\/\/bisbalpenedes.com\/web\/wp-json\/wp\/v2\/media?parent=23828"}],"wp:term":[{"taxonomy":"category","embeddable":true,"href":"https:\/\/bisbalpenedes.com\/web\/wp-json\/wp\/v2\/categories?post=23828"},{"taxonomy":"post_tag","embeddable":true,"href":"https:\/\/bisbalpenedes.com\/web\/wp-json\/wp\/v2\/tags?post=23828"}],"curies":[{"name":"wp","href":"https:\/\/api.w.org\/{rel}","templated":true}]}}